{"id":20685,"date":"2023-05-17T14:53:01","date_gmt":"2023-05-17T14:53:01","guid":{"rendered":"https:\/\/blog.rotavicentina.com\/springtime-splendour-on-rota-vicentina-highlighted-in-portuguese-magazine-visao-se7e\/"},"modified":"2023-05-17T16:57:36","modified_gmt":"2023-05-17T16:57:36","slug":"portuguese-magazine-visao-se7e","status":"publish","type":"post","link":"https:\/\/blog.rotavicentina.com\/en\/portuguese-magazine-visao-se7e\/","title":{"rendered":"Springtime splendour on Rota Vicentina highlighted in portuguese magazine Vis\u00e3o Se7e"},"content":{"rendered":"<div class=\"wpb-content-wrapper\"><p>[vc_row unlock_row_content=&#8221;&#8221; row_height_percent=&#8221;0&#8243; columns_gutter=&#8221;&#8221; shift_y=&#8221;0&#8243; z_index=&#8221;0&#8243;][vc_column width=&#8221;1\/1&#8243;][vc_custom_heading]Peacefulness, breathtaking views and fresh air.[\/vc_custom_heading][vc_column_text]<strong>This is how the Rota Vicentina is described &#8211; and also the <a href=\"https:\/\/viaalgarviana.org\/\">Via Algarviana<\/a> &#8211; in <a href=\"https:\/\/visao.sapo.pt\/visaose7e\/\">Vis\u00e3o Se7e<\/a> portuguese magazine.<\/strong><\/p>\n<p>Se7e is a weekly supplement of the magazine <a href=\"https:\/\/visao.sapo.pt\/\">Vis\u00e3o<\/a> that gathers a set of seven reports to present restaurants, hotels, terraces, bars, shops and trends in Portugal.<\/p>\n<p>Read below an excerpt of the article, written by In\u00eas Belo, or click on the images to read the full version.[\/vc_column_text][vc_column_text]<\/p>\n<blockquote><p><em>A Rota Vicentina n\u00e3o \u00e9 s\u00f3 um sem-fim de trilhos e paisagens arrebatadoras. Mistura-se com a identidade do territ\u00f3rio, as suas gentes e empresas de turismo. Quem o diz \u00e9 Marta Cabral, presidente da associa\u00e7\u00e3o Rota Vicentina (RV) desde o seu lan\u00e7amento, h\u00e1 uma d\u00e9cada. A linha segue paralela ao mar, entre Santiago do Cac\u00e9m e Lagos, por caminhos antigos e novos sinalizados, \u00e2ncoras de um turismo sustent\u00e1vel.Dos 200 quil\u00f3metros inaugurados em maio de 2012 at\u00e9 aos atuais 750 quil\u00f3metros de percursos pedestres e 1000 quil\u00f3metros parapedalar, cruza o Parque Natural do Sudoeste Alentejano e Costa Vicentina atrav\u00e9s de duas grandes rotas: o Caminho Hist\u00f3rico (pelo in-terior) e o Trilho dos Pescadores (na costa). A estes somam-se 24 percursos circulares. Se os trilhos s\u00e3o a espinha dorsal, h\u00e1 todo um trabalho que tem vindo a ser desenvolvido com a comunidade, espelhado numa agenda de atividades e acontecimentos ao longo do ano, dispon\u00edvel no site renovado da RV.<\/em><\/p><\/blockquote>\n<p style=\"text-align: right;\"><strong>In\u00eas Belo in Vis\u00e3o Se7e, March 23th<\/strong><\/p>\n<p>[\/vc_column_text][vc_single_image media=&#8221;20629&#8243; css_animation=&#8221;zoom-out&#8221;][\/vc_single_image][vc_single_image media=&#8221;20633&#8243;][\/vc_single_image][vc_single_image media=&#8221;20635&#8243;][\/vc_single_image][\/vc_column][\/vc_row]<\/p>\n<\/div>","protected":false},"excerpt":{"rendered":"<p>[vc_row unlock_row_content=&#8221;&#8221; row_height_percent=&#8221;0&#8243; columns_gutter=&#8221;&#8221; shift_y=&#8221;0&#8243; z_index=&#8221;0&#8243;][vc_column width=&#8221;1\/1&#8243;][vc_custom_heading]Peacefulness, breathtaking views and fresh air.[\/vc_custom_heading][vc_column_text]This is how the Rota Vicentina is described &#8211; and also the Via Algarviana &#8211; in Vis\u00e3o Se7e portuguese magazine. Se7e is a weekly supplement of the magazine Vis\u00e3o that gathers a set of seven reports to present restaurants, hotels, terraces, bars, shops and [&hellip;]<\/p>\n","protected":false},"author":2,"featured_media":20681,"comment_status":"closed","ping_status":"closed","sticky":false,"template":"","format":"standard","meta":{"_acf_changed":false,"footnotes":""},"categories":[122],"tags":[161,147,302,141,140],"tipos":[134],"destaques":[],"class_list":["post-20685","post","type-post","status-publish","format-standard","has-post-thumbnail","hentry","category-trips","tag-press","tag-responsible-travel","tag-rota-vicentina-association","tag-walking","tag-walking-trails","tipos-clipping-en"],"acf":[],"yoast_head":"<!-- This site is optimized with the Yoast SEO plugin v27.0 - https:\/\/yoast.com\/product\/yoast-seo-wordpress\/ -->\n<title>Springtime&#039;s splendour highlighted in Vis\u00e3o, a portuguese magazine<\/title>\n<meta name=\"description\" content=\"Peacefulness, breathtaking views and fresh air. This is how the Rota Vicentina is described - and also the Via Algarviana - in Vis\u00e3o Se7e portuguese magazine.\" \/>\n<meta name=\"robots\" content=\"index, follow, max-snippet:-1, max-image-preview:large, max-video-preview:-1\" \/>\n<link rel=\"canonical\" href=\"https:\/\/blog.rotavicentina.com\/en\/portuguese-magazine-visao-se7e\/\" \/>\n<meta property=\"og:locale\" content=\"en_US\" \/>\n<meta property=\"og:type\" content=\"article\" \/>\n<meta property=\"og:title\" content=\"Springtime&#039;s splendour highlighted in Vis\u00e3o, a portuguese magazine\" \/>\n<meta property=\"og:description\" content=\"Peacefulness, breathtaking views and fresh air. This is how the Rota Vicentina is described - and also the Via Algarviana - in Vis\u00e3o Se7e portuguese magazine.\" \/>\n<meta property=\"og:url\" content=\"https:\/\/blog.rotavicentina.com\/en\/portuguese-magazine-visao-se7e\/\" \/>\n<meta property=\"og:site_name\" content=\"Blog Rota Vicentina\" \/>\n<meta property=\"article:published_time\" content=\"2023-05-17T14:53:01+00:00\" \/>\n<meta property=\"article:modified_time\" content=\"2023-05-17T16:57:36+00:00\" \/>\n<meta property=\"og:image\" content=\"https:\/\/blog.rotavicentina.com\/wp-content\/uploads\/2022\/03\/Copia-de-Imagem-de-destaque-Blog.png\" \/>\n\t<meta property=\"og:image:width\" content=\"852\" \/>\n\t<meta property=\"og:image:height\" content=\"480\" \/>\n\t<meta property=\"og:image:type\" content=\"image\/png\" \/>\n<meta name=\"author\" content=\"Beatriz Silvestre\" \/>\n<meta name=\"twitter:card\" content=\"summary_large_image\" \/>\n<meta name=\"twitter:title\" content=\"Springtime&#039;s splendour highlighted in Vis\u00e3o, a portuguese magazine\" \/>\n<meta name=\"twitter:description\" content=\"Peacefulness, breathtaking views and fresh air. This is how the Rota Vicentina is described - and also the Via Algarviana - in Vis\u00e3o Se7e portuguese magazine.\" \/>\n<meta name=\"twitter:label1\" content=\"Written by\" \/>\n\t<meta name=\"twitter:data1\" content=\"Beatriz Silvestre\" \/>\n\t<meta name=\"twitter:label2\" content=\"Est. reading time\" \/>\n\t<meta name=\"twitter:data2\" content=\"2 minutes\" \/>\n<script type=\"application\/ld+json\" class=\"yoast-schema-graph\">{\"@context\":\"https:\/\/schema.org\",\"@graph\":[{\"@type\":\"Article\",\"@id\":\"https:\/\/blog.rotavicentina.com\/en\/portuguese-magazine-visao-se7e\/#article\",\"isPartOf\":{\"@id\":\"https:\/\/blog.rotavicentina.com\/en\/portuguese-magazine-visao-se7e\/\"},\"author\":{\"name\":\"Beatriz Silvestre\",\"@id\":\"https:\/\/blog.rotavicentina.com\/#\/schema\/person\/db7519f555b26b5cdf90654a0b8e7929\"},\"headline\":\"Springtime splendour on Rota Vicentina highlighted in portuguese magazine Vis\u00e3o Se7e\",\"datePublished\":\"2023-05-17T14:53:01+00:00\",\"dateModified\":\"2023-05-17T16:57:36+00:00\",\"mainEntityOfPage\":{\"@id\":\"https:\/\/blog.rotavicentina.com\/en\/portuguese-magazine-visao-se7e\/\"},\"wordCount\":330,\"publisher\":{\"@id\":\"https:\/\/blog.rotavicentina.com\/#organization\"},\"image\":{\"@id\":\"https:\/\/blog.rotavicentina.com\/en\/portuguese-magazine-visao-se7e\/#primaryimage\"},\"thumbnailUrl\":\"https:\/\/blog.rotavicentina.com\/wp-content\/uploads\/2023\/05\/Imagem-de-destaque-Blog-Rota-Vicentina-8.jpg\",\"keywords\":[\"Press\",\"Responsible Travel\",\"Rota Vicentina Association\",\"Walking\",\"Walking Trails\"],\"articleSection\":[\"Trips\"],\"inLanguage\":\"en-US\"},{\"@type\":\"WebPage\",\"@id\":\"https:\/\/blog.rotavicentina.com\/en\/portuguese-magazine-visao-se7e\/\",\"url\":\"https:\/\/blog.rotavicentina.com\/en\/portuguese-magazine-visao-se7e\/\",\"name\":\"Springtime's splendour highlighted in Vis\u00e3o, a portuguese magazine\",\"isPartOf\":{\"@id\":\"https:\/\/blog.rotavicentina.com\/#website\"},\"primaryImageOfPage\":{\"@id\":\"https:\/\/blog.rotavicentina.com\/en\/portuguese-magazine-visao-se7e\/#primaryimage\"},\"image\":{\"@id\":\"https:\/\/blog.rotavicentina.com\/en\/portuguese-magazine-visao-se7e\/#primaryimage\"},\"thumbnailUrl\":\"https:\/\/blog.rotavicentina.com\/wp-content\/uploads\/2023\/05\/Imagem-de-destaque-Blog-Rota-Vicentina-8.jpg\",\"datePublished\":\"2023-05-17T14:53:01+00:00\",\"dateModified\":\"2023-05-17T16:57:36+00:00\",\"description\":\"Peacefulness, breathtaking views and fresh air. This is how the Rota Vicentina is described - and also the Via Algarviana - in Vis\u00e3o Se7e portuguese magazine.\",\"breadcrumb\":{\"@id\":\"https:\/\/blog.rotavicentina.com\/en\/portuguese-magazine-visao-se7e\/#breadcrumb\"},\"inLanguage\":\"en-US\",\"potentialAction\":[{\"@type\":\"ReadAction\",\"target\":[\"https:\/\/blog.rotavicentina.com\/en\/portuguese-magazine-visao-se7e\/\"]}]},{\"@type\":\"ImageObject\",\"inLanguage\":\"en-US\",\"@id\":\"https:\/\/blog.rotavicentina.com\/en\/portuguese-magazine-visao-se7e\/#primaryimage\",\"url\":\"https:\/\/blog.rotavicentina.com\/wp-content\/uploads\/2023\/05\/Imagem-de-destaque-Blog-Rota-Vicentina-8.jpg\",\"contentUrl\":\"https:\/\/blog.rotavicentina.com\/wp-content\/uploads\/2023\/05\/Imagem-de-destaque-Blog-Rota-Vicentina-8.jpg\",\"width\":852,\"height\":480,\"caption\":\"Capa da revista Vis\u00e3o Se7e com artigo sobre a Rota Vicentina\"},{\"@type\":\"BreadcrumbList\",\"@id\":\"https:\/\/blog.rotavicentina.com\/en\/portuguese-magazine-visao-se7e\/#breadcrumb\",\"itemListElement\":[{\"@type\":\"ListItem\",\"position\":1,\"name\":\"In\u00edcio\",\"item\":\"https:\/\/blog.rotavicentina.com\/en\/\"},{\"@type\":\"ListItem\",\"position\":2,\"name\":\"Springtime splendour on Rota Vicentina highlighted in portuguese magazine Vis\u00e3o Se7e\"}]},{\"@type\":\"WebSite\",\"@id\":\"https:\/\/blog.rotavicentina.com\/#website\",\"url\":\"https:\/\/blog.rotavicentina.com\/\",\"name\":\"Blog Rota Vicentina\",\"description\":\"Muito mais Rota Vicentina, para al\u00e9m de caminhar ou pedalar!\",\"publisher\":{\"@id\":\"https:\/\/blog.rotavicentina.com\/#organization\"},\"potentialAction\":[{\"@type\":\"SearchAction\",\"target\":{\"@type\":\"EntryPoint\",\"urlTemplate\":\"https:\/\/blog.rotavicentina.com\/?s={search_term_string}\"},\"query-input\":{\"@type\":\"PropertyValueSpecification\",\"valueRequired\":true,\"valueName\":\"search_term_string\"}}],\"inLanguage\":\"en-US\"},{\"@type\":\"Organization\",\"@id\":\"https:\/\/blog.rotavicentina.com\/#organization\",\"name\":\"Rota Vicentina\",\"url\":\"https:\/\/blog.rotavicentina.com\/\",\"logo\":{\"@type\":\"ImageObject\",\"inLanguage\":\"en-US\",\"@id\":\"https:\/\/blog.rotavicentina.com\/#\/schema\/logo\/image\/\",\"url\":\"https:\/\/blog.rotavicentina.com\/wp-content\/uploads\/sites\/2\/2022\/03\/Copia-de-Imagem-de-destaque-Blog.png\",\"contentUrl\":\"https:\/\/blog.rotavicentina.com\/wp-content\/uploads\/sites\/2\/2022\/03\/Copia-de-Imagem-de-destaque-Blog.png\",\"width\":852,\"height\":480,\"caption\":\"Rota Vicentina\"},\"image\":{\"@id\":\"https:\/\/blog.rotavicentina.com\/#\/schema\/logo\/image\/\"}},{\"@type\":\"Person\",\"@id\":\"https:\/\/blog.rotavicentina.com\/#\/schema\/person\/db7519f555b26b5cdf90654a0b8e7929\",\"name\":\"Beatriz Silvestre\",\"image\":{\"@type\":\"ImageObject\",\"inLanguage\":\"en-US\",\"@id\":\"https:\/\/blog.rotavicentina.com\/#\/schema\/person\/image\/\",\"url\":\"https:\/\/secure.gravatar.com\/avatar\/60d633a94a611929ec9294d13e6ae3f52f4fdd466cf4c31f35910aa6e24a083b?s=96&d=mm&r=g\",\"contentUrl\":\"https:\/\/secure.gravatar.com\/avatar\/60d633a94a611929ec9294d13e6ae3f52f4fdd466cf4c31f35910aa6e24a083b?s=96&d=mm&r=g\",\"caption\":\"Beatriz Silvestre\"},\"url\":\"https:\/\/blog.rotavicentina.com\/en\/author\/rotavicentina\/\"}]}<\/script>\n<!-- \/ Yoast SEO plugin. -->","yoast_head_json":{"title":"Springtime's splendour highlighted in Vis\u00e3o, a portuguese magazine","description":"Peacefulness, breathtaking views and fresh air. This is how the Rota Vicentina is described - and also the Via Algarviana - in Vis\u00e3o Se7e portuguese magazine.","robots":{"index":"index","follow":"follow","max-snippet":"max-snippet:-1","max-image-preview":"max-image-preview:large","max-video-preview":"max-video-preview:-1"},"canonical":"https:\/\/blog.rotavicentina.com\/en\/portuguese-magazine-visao-se7e\/","og_locale":"en_US","og_type":"article","og_title":"Springtime's splendour highlighted in Vis\u00e3o, a portuguese magazine","og_description":"Peacefulness, breathtaking views and fresh air. This is how the Rota Vicentina is described - and also the Via Algarviana - in Vis\u00e3o Se7e portuguese magazine.","og_url":"https:\/\/blog.rotavicentina.com\/en\/portuguese-magazine-visao-se7e\/","og_site_name":"Blog Rota Vicentina","article_published_time":"2023-05-17T14:53:01+00:00","article_modified_time":"2023-05-17T16:57:36+00:00","og_image":[{"width":852,"height":480,"url":"https:\/\/blog.rotavicentina.com\/wp-content\/uploads\/2022\/03\/Copia-de-Imagem-de-destaque-Blog.png","type":"image\/png"}],"author":"Beatriz Silvestre","twitter_card":"summary_large_image","twitter_title":"Springtime's splendour highlighted in Vis\u00e3o, a portuguese magazine","twitter_description":"Peacefulness, breathtaking views and fresh air. This is how the Rota Vicentina is described - and also the Via Algarviana - in Vis\u00e3o Se7e portuguese magazine.","twitter_misc":{"Written by":"Beatriz Silvestre","Est. reading time":"2 minutes"},"schema":{"@context":"https:\/\/schema.org","@graph":[{"@type":"Article","@id":"https:\/\/blog.rotavicentina.com\/en\/portuguese-magazine-visao-se7e\/#article","isPartOf":{"@id":"https:\/\/blog.rotavicentina.com\/en\/portuguese-magazine-visao-se7e\/"},"author":{"name":"Beatriz Silvestre","@id":"https:\/\/blog.rotavicentina.com\/#\/schema\/person\/db7519f555b26b5cdf90654a0b8e7929"},"headline":"Springtime splendour on Rota Vicentina highlighted in portuguese magazine Vis\u00e3o Se7e","datePublished":"2023-05-17T14:53:01+00:00","dateModified":"2023-05-17T16:57:36+00:00","mainEntityOfPage":{"@id":"https:\/\/blog.rotavicentina.com\/en\/portuguese-magazine-visao-se7e\/"},"wordCount":330,"publisher":{"@id":"https:\/\/blog.rotavicentina.com\/#organization"},"image":{"@id":"https:\/\/blog.rotavicentina.com\/en\/portuguese-magazine-visao-se7e\/#primaryimage"},"thumbnailUrl":"https:\/\/blog.rotavicentina.com\/wp-content\/uploads\/2023\/05\/Imagem-de-destaque-Blog-Rota-Vicentina-8.jpg","keywords":["Press","Responsible Travel","Rota Vicentina Association","Walking","Walking Trails"],"articleSection":["Trips"],"inLanguage":"en-US"},{"@type":"WebPage","@id":"https:\/\/blog.rotavicentina.com\/en\/portuguese-magazine-visao-se7e\/","url":"https:\/\/blog.rotavicentina.com\/en\/portuguese-magazine-visao-se7e\/","name":"Springtime's splendour highlighted in Vis\u00e3o, a portuguese magazine","isPartOf":{"@id":"https:\/\/blog.rotavicentina.com\/#website"},"primaryImageOfPage":{"@id":"https:\/\/blog.rotavicentina.com\/en\/portuguese-magazine-visao-se7e\/#primaryimage"},"image":{"@id":"https:\/\/blog.rotavicentina.com\/en\/portuguese-magazine-visao-se7e\/#primaryimage"},"thumbnailUrl":"https:\/\/blog.rotavicentina.com\/wp-content\/uploads\/2023\/05\/Imagem-de-destaque-Blog-Rota-Vicentina-8.jpg","datePublished":"2023-05-17T14:53:01+00:00","dateModified":"2023-05-17T16:57:36+00:00","description":"Peacefulness, breathtaking views and fresh air. This is how the Rota Vicentina is described - and also the Via Algarviana - in Vis\u00e3o Se7e portuguese magazine.","breadcrumb":{"@id":"https:\/\/blog.rotavicentina.com\/en\/portuguese-magazine-visao-se7e\/#breadcrumb"},"inLanguage":"en-US","potentialAction":[{"@type":"ReadAction","target":["https:\/\/blog.rotavicentina.com\/en\/portuguese-magazine-visao-se7e\/"]}]},{"@type":"ImageObject","inLanguage":"en-US","@id":"https:\/\/blog.rotavicentina.com\/en\/portuguese-magazine-visao-se7e\/#primaryimage","url":"https:\/\/blog.rotavicentina.com\/wp-content\/uploads\/2023\/05\/Imagem-de-destaque-Blog-Rota-Vicentina-8.jpg","contentUrl":"https:\/\/blog.rotavicentina.com\/wp-content\/uploads\/2023\/05\/Imagem-de-destaque-Blog-Rota-Vicentina-8.jpg","width":852,"height":480,"caption":"Capa da revista Vis\u00e3o Se7e com artigo sobre a Rota Vicentina"},{"@type":"BreadcrumbList","@id":"https:\/\/blog.rotavicentina.com\/en\/portuguese-magazine-visao-se7e\/#breadcrumb","itemListElement":[{"@type":"ListItem","position":1,"name":"In\u00edcio","item":"https:\/\/blog.rotavicentina.com\/en\/"},{"@type":"ListItem","position":2,"name":"Springtime splendour on Rota Vicentina highlighted in portuguese magazine Vis\u00e3o Se7e"}]},{"@type":"WebSite","@id":"https:\/\/blog.rotavicentina.com\/#website","url":"https:\/\/blog.rotavicentina.com\/","name":"Blog Rota Vicentina","description":"Muito mais Rota Vicentina, para al\u00e9m de caminhar ou pedalar!","publisher":{"@id":"https:\/\/blog.rotavicentina.com\/#organization"},"potentialAction":[{"@type":"SearchAction","target":{"@type":"EntryPoint","urlTemplate":"https:\/\/blog.rotavicentina.com\/?s={search_term_string}"},"query-input":{"@type":"PropertyValueSpecification","valueRequired":true,"valueName":"search_term_string"}}],"inLanguage":"en-US"},{"@type":"Organization","@id":"https:\/\/blog.rotavicentina.com\/#organization","name":"Rota Vicentina","url":"https:\/\/blog.rotavicentina.com\/","logo":{"@type":"ImageObject","inLanguage":"en-US","@id":"https:\/\/blog.rotavicentina.com\/#\/schema\/logo\/image\/","url":"https:\/\/blog.rotavicentina.com\/wp-content\/uploads\/sites\/2\/2022\/03\/Copia-de-Imagem-de-destaque-Blog.png","contentUrl":"https:\/\/blog.rotavicentina.com\/wp-content\/uploads\/sites\/2\/2022\/03\/Copia-de-Imagem-de-destaque-Blog.png","width":852,"height":480,"caption":"Rota Vicentina"},"image":{"@id":"https:\/\/blog.rotavicentina.com\/#\/schema\/logo\/image\/"}},{"@type":"Person","@id":"https:\/\/blog.rotavicentina.com\/#\/schema\/person\/db7519f555b26b5cdf90654a0b8e7929","name":"Beatriz Silvestre","image":{"@type":"ImageObject","inLanguage":"en-US","@id":"https:\/\/blog.rotavicentina.com\/#\/schema\/person\/image\/","url":"https:\/\/secure.gravatar.com\/avatar\/60d633a94a611929ec9294d13e6ae3f52f4fdd466cf4c31f35910aa6e24a083b?s=96&d=mm&r=g","contentUrl":"https:\/\/secure.gravatar.com\/avatar\/60d633a94a611929ec9294d13e6ae3f52f4fdd466cf4c31f35910aa6e24a083b?s=96&d=mm&r=g","caption":"Beatriz Silvestre"},"url":"https:\/\/blog.rotavicentina.com\/en\/author\/rotavicentina\/"}]}},"_links":{"self":[{"href":"https:\/\/blog.rotavicentina.com\/en\/wp-json\/wp\/v2\/posts\/20685","targetHints":{"allow":["GET"]}}],"collection":[{"href":"https:\/\/blog.rotavicentina.com\/en\/wp-json\/wp\/v2\/posts"}],"about":[{"href":"https:\/\/blog.rotavicentina.com\/en\/wp-json\/wp\/v2\/types\/post"}],"author":[{"embeddable":true,"href":"https:\/\/blog.rotavicentina.com\/en\/wp-json\/wp\/v2\/users\/2"}],"replies":[{"embeddable":true,"href":"https:\/\/blog.rotavicentina.com\/en\/wp-json\/wp\/v2\/comments?post=20685"}],"version-history":[{"count":7,"href":"https:\/\/blog.rotavicentina.com\/en\/wp-json\/wp\/v2\/posts\/20685\/revisions"}],"predecessor-version":[{"id":20694,"href":"https:\/\/blog.rotavicentina.com\/en\/wp-json\/wp\/v2\/posts\/20685\/revisions\/20694"}],"wp:featuredmedia":[{"embeddable":true,"href":"https:\/\/blog.rotavicentina.com\/en\/wp-json\/wp\/v2\/media\/20681"}],"wp:attachment":[{"href":"https:\/\/blog.rotavicentina.com\/en\/wp-json\/wp\/v2\/media?parent=20685"}],"wp:term":[{"taxonomy":"category","embeddable":true,"href":"https:\/\/blog.rotavicentina.com\/en\/wp-json\/wp\/v2\/categories?post=20685"},{"taxonomy":"post_tag","embeddable":true,"href":"https:\/\/blog.rotavicentina.com\/en\/wp-json\/wp\/v2\/tags?post=20685"},{"taxonomy":"tipos","embeddable":true,"href":"https:\/\/blog.rotavicentina.com\/en\/wp-json\/wp\/v2\/tipos?post=20685"},{"taxonomy":"destaques","embeddable":true,"href":"https:\/\/blog.rotavicentina.com\/en\/wp-json\/wp\/v2\/destaques?post=20685"}],"curies":[{"name":"wp","href":"https:\/\/api.w.org\/{rel}","templated":true}]}}