{"id":21281,"date":"2023-10-06T15:55:04","date_gmt":"2023-10-06T15:55:04","guid":{"rendered":"https:\/\/blog.rotavicentina.com\/?p=21281"},"modified":"2024-06-05T18:31:01","modified_gmt":"2024-06-05T18:31:01","slug":"maintenance-hikes-calendar","status":"publish","type":"post","link":"https:\/\/blog.rotavicentina.com\/en\/maintenance-hikes-calendar\/","title":{"rendered":"New maintenance hikes calendar"},"content":{"rendered":"<div class=\"wpb-content-wrapper\"><p>[vc_row][vc_column width=&#8221;1\/1&#8243;][vc_custom_heading]Want to volunteer on Rota Vicentina? Sign up for our maintenance walks and make a difference![\/vc_custom_heading][vc_column_text]Despite the hot temperatures, the new walking season on Rota Vicentina has already begun, and many hikers can be seen out there!<\/p>\n<p>We&#8217;re starting this new season still reeling from the <a href=\"https:\/\/blog.rotavicentina.com\/en\/fire-rota-vicentina-trails\/\">wildfires that ravaged our land<\/a> during the summer, significantly affecting portions of our <a href=\"https:\/\/rotavicentina.com\/trilhos-pedestres\/\">Walking Trails<\/a>. Our efforts are concentrated on maintaining these priority sections, but we still have many kilometers of trails throughout the territory that require maintenance and the support of volunteers.<\/p>\n<p>That&#8217;s why we&#8217;re back with a <strong>new maintenance walks calendar<\/strong>! But this time, it&#8217;s a bit different from the usual. In this new season, the activity calendar will be <strong>annual<\/strong>, with one maintenance hike per month from October to June, always on weekends or holidays (as you all requested!).[\/vc_column_text][vc_single_image media=&#8221;25839&#8243; title=&#8221;Rota Vicentina maintenance hikes calendar for 2023-2024 walking season&#8221; media_link=&#8221;url:https%3A%2F%2Frotavicentina.typeform.com%2Fto%2FVhprrkbS|target:_blank&#8221;][\/vc_single_image][vc_empty_space empty_h=&#8221;2&#8243;][vc_column_text]Nature conservation activities will take place on special dates, which will be announced individually and will complement the activities on this calendar.[\/vc_column_text][vc_row_inner unlock_row_content=&#8221;&#8221; row_height_percent=&#8221;0&#8243; shift_y=&#8221;0&#8243; z_index=&#8221;0&#8243; back_color=&#8221;#0fc3b1&#8243;][vc_column_inner width=&#8221;1\/1&#8243;][vc_column_text]Friendly reminder: spots are limited! So, we appeal to your sensitivity and commitment to keep us informed of your intention to participate. This way, we can more easily manage the list of participants and the logistics of the activities.[\/vc_column_text][\/vc_column_inner][\/vc_row_inner][vc_row_inner unlock_row_content=&#8221;&#8221; row_height_percent=&#8221;0&#8243; shift_y=&#8221;0&#8243; z_index=&#8221;0&#8243;][vc_column_inner width=&#8221;1\/1&#8243;][vc_column_text]<strong>To join us, you need to register through our online form \ud83d\udc47<\/strong>[\/vc_column_text][vc_empty_space empty_h=&#8221;3&#8243;][vc_raw_html]PGNlbnRlcj48YnV0dG9uIGRhdGEtdGYtcG9wdXA9IlZocHJya2JTIiBkYXRhLXRmLW9wYWNpdHk9IjEwMCIgZGF0YS10Zi1zaXplPSIxMDAiIGRhdGEtdGYtaWZyYW1lLXByb3BzPSJ0aXRsZT1Gb3JtdWzDoXJpbyBkZSBpbnNjcmnDp8OjbyAtIFZvbHVudGFyaWFkbyBNYWlvIGUgSnVuaG8gMjAyMyIgZGF0YS10Zi10cmFuc2l0aXZlLXNlYXJjaC1wYXJhbXM9IiIgZGF0YS10Zi1tZWRpdW09InNuaXBwZXQiIHN0eWxlPSJhbGw6dW5zZXQ7Zm9udC1mYW1pbHk6SGVsdmV0aWNhLEFyaWFsLHNhbnMtc2VyaWY7ZGlzcGxheTppbmxpbmUtYmxvY2s7bWF4LXdpZHRoOjEwMCU7d2hpdGUtc3BhY2U6bm93cmFwO292ZXJmbG93OmhpZGRlbjt0ZXh0LW92ZXJmbG93OmVsbGlwc2lzO2JhY2tncm91bmQtY29sb3I6I0ExMzY1MTtjb2xvcjojZmZmO2ZvbnQtc2l6ZToyMHB4O2JvcmRlci1yYWRpdXM6MjVweDtwYWRkaW5nOjAgMzNweDtmb250LXdlaWdodDpib2xkO2hlaWdodDo1MHB4O2N1cnNvcjpwb2ludGVyO2xpbmUtaGVpZ2h0OjUwcHg7dGV4dC1hbGlnbjpjZW50ZXI7bWFyZ2luOjA7dGV4dC1kZWNvcmF0aW9uOm5vbmU7Ij5SZWdpc3RyYXRpb24gZm9ybTwvYnV0dG9uPjxzY3JpcHQgc3JjPSIvL2VtYmVkLnR5cGVmb3JtLmNvbS9uZXh0L2VtYmVkLmpzIj48L3NjcmlwdD48Y2VudGVyPjwvY2VudGVyPjwvY2VudGVyPg==[\/vc_raw_html][\/vc_column_inner][\/vc_row_inner][vc_column_text]<\/p>\n<p style=\"text-align: left;\">If you have any questions, contact us by phone or email indicated on the poster. <strong>See you soon, volunteers \ud83d\udc4b<\/strong><\/p>\n<p>[\/vc_column_text][\/vc_column][\/vc_row]<\/p>\n<\/div>","protected":false},"excerpt":{"rendered":"<p> Sign up for our maintenance walks on Rota Vicentina. Join us and make a difference!<\/p>\n","protected":false},"author":2,"featured_media":21311,"comment_status":"closed","ping_status":"closed","sticky":false,"template":"","format":"standard","meta":{"_acf_changed":false,"footnotes":""},"categories":[109],"tags":[298,301,140],"tipos":[105],"destaques":[145],"class_list":["post-21281","post","type-post","status-publish","format-standard","has-post-thumbnail","hentry","category-management-maintenance","tag-maintenance-en","tag-volunteering-en","tag-walking-trails","tipos-article","destaques-populares"],"acf":[],"yoast_head":"<!-- This site is optimized with the Yoast SEO plugin v27.0 - https:\/\/yoast.com\/product\/yoast-seo-wordpress\/ -->\n<title>Rota Vicentina maintenance hikes calendar<\/title>\n<meta name=\"description\" content=\"In the 2023\/2024 walking season, the maintenance hikes calendar will be annual, with one activity per month, always on weekends or holidays.\" \/>\n<meta name=\"robots\" content=\"index, follow, max-snippet:-1, max-image-preview:large, max-video-preview:-1\" \/>\n<link rel=\"canonical\" href=\"https:\/\/blog.rotavicentina.com\/en\/maintenance-hikes-calendar\/\" \/>\n<meta property=\"og:locale\" content=\"en_US\" \/>\n<meta property=\"og:type\" content=\"article\" \/>\n<meta property=\"og:title\" content=\"Rota Vicentina maintenance hikes calendar\" \/>\n<meta property=\"og:description\" content=\"In the 2023\/2024 walking season, the maintenance hikes calendar will be annual, with one activity per month, always on weekends or holidays.\" \/>\n<meta property=\"og:url\" content=\"https:\/\/blog.rotavicentina.com\/en\/maintenance-hikes-calendar\/\" \/>\n<meta property=\"og:site_name\" content=\"Blog Rota Vicentina\" \/>\n<meta property=\"article:published_time\" content=\"2023-10-06T15:55:04+00:00\" \/>\n<meta property=\"article:modified_time\" content=\"2024-06-05T18:31:01+00:00\" \/>\n<meta property=\"og:image\" content=\"https:\/\/blog.rotavicentina.com\/wp-content\/uploads\/sites\/2\/2023\/10\/Imagem-de-destaque-Blog.jpg\" \/>\n\t<meta property=\"og:image:width\" content=\"852\" \/>\n\t<meta property=\"og:image:height\" content=\"480\" \/>\n\t<meta property=\"og:image:type\" content=\"image\/jpeg\" \/>\n<meta name=\"author\" content=\"Beatriz Silvestre\" \/>\n<meta name=\"twitter:card\" content=\"summary_large_image\" \/>\n<meta name=\"twitter:title\" content=\"Rota Vicentina maintenance hikes calendar\" \/>\n<meta name=\"twitter:description\" content=\"In the 2023\/2024 walking season, the maintenance hikes calendar will be annual, with one activity per month, always on weekends or holidays.\" \/>\n<meta name=\"twitter:image\" content=\"https:\/\/blog.rotavicentina.com\/wp-content\/uploads\/2023\/10\/Imagem-de-destaque-Blog.jpg\" \/>\n<meta name=\"twitter:label1\" content=\"Written by\" \/>\n\t<meta name=\"twitter:data1\" content=\"Beatriz Silvestre\" \/>\n\t<meta name=\"twitter:label2\" content=\"Est. reading time\" \/>\n\t<meta name=\"twitter:data2\" content=\"2 minutes\" \/>\n<script type=\"application\/ld+json\" class=\"yoast-schema-graph\">{\"@context\":\"https:\/\/schema.org\",\"@graph\":[{\"@type\":\"Article\",\"@id\":\"https:\/\/blog.rotavicentina.com\/en\/maintenance-hikes-calendar\/#article\",\"isPartOf\":{\"@id\":\"https:\/\/blog.rotavicentina.com\/en\/maintenance-hikes-calendar\/\"},\"author\":{\"name\":\"Beatriz Silvestre\",\"@id\":\"https:\/\/blog.rotavicentina.com\/#\/schema\/person\/db7519f555b26b5cdf90654a0b8e7929\"},\"headline\":\"New maintenance hikes calendar\",\"datePublished\":\"2023-10-06T15:55:04+00:00\",\"dateModified\":\"2024-06-05T18:31:01+00:00\",\"mainEntityOfPage\":{\"@id\":\"https:\/\/blog.rotavicentina.com\/en\/maintenance-hikes-calendar\/\"},\"wordCount\":497,\"publisher\":{\"@id\":\"https:\/\/blog.rotavicentina.com\/#organization\"},\"image\":{\"@id\":\"https:\/\/blog.rotavicentina.com\/en\/maintenance-hikes-calendar\/#primaryimage\"},\"thumbnailUrl\":\"https:\/\/blog.rotavicentina.com\/wp-content\/uploads\/2023\/10\/Imagem-de-destaque-Blog.jpg\",\"keywords\":[\"Maintenance\",\"Volunteering\",\"Walking Trails\"],\"articleSection\":[\"Management &amp; Maintenance\"],\"inLanguage\":\"en-US\"},{\"@type\":\"WebPage\",\"@id\":\"https:\/\/blog.rotavicentina.com\/en\/maintenance-hikes-calendar\/\",\"url\":\"https:\/\/blog.rotavicentina.com\/en\/maintenance-hikes-calendar\/\",\"name\":\"Rota Vicentina maintenance hikes calendar\",\"isPartOf\":{\"@id\":\"https:\/\/blog.rotavicentina.com\/#website\"},\"primaryImageOfPage\":{\"@id\":\"https:\/\/blog.rotavicentina.com\/en\/maintenance-hikes-calendar\/#primaryimage\"},\"image\":{\"@id\":\"https:\/\/blog.rotavicentina.com\/en\/maintenance-hikes-calendar\/#primaryimage\"},\"thumbnailUrl\":\"https:\/\/blog.rotavicentina.com\/wp-content\/uploads\/2023\/10\/Imagem-de-destaque-Blog.jpg\",\"datePublished\":\"2023-10-06T15:55:04+00:00\",\"dateModified\":\"2024-06-05T18:31:01+00:00\",\"description\":\"In the 2023\/2024 walking season, the maintenance hikes calendar will be annual, with one activity per month, always on weekends or holidays.\",\"breadcrumb\":{\"@id\":\"https:\/\/blog.rotavicentina.com\/en\/maintenance-hikes-calendar\/#breadcrumb\"},\"inLanguage\":\"en-US\",\"potentialAction\":[{\"@type\":\"ReadAction\",\"target\":[\"https:\/\/blog.rotavicentina.com\/en\/maintenance-hikes-calendar\/\"]}]},{\"@type\":\"ImageObject\",\"inLanguage\":\"en-US\",\"@id\":\"https:\/\/blog.rotavicentina.com\/en\/maintenance-hikes-calendar\/#primaryimage\",\"url\":\"https:\/\/blog.rotavicentina.com\/wp-content\/uploads\/2023\/10\/Imagem-de-destaque-Blog.jpg\",\"contentUrl\":\"https:\/\/blog.rotavicentina.com\/wp-content\/uploads\/2023\/10\/Imagem-de-destaque-Blog.jpg\",\"width\":852,\"height\":480,\"caption\":\"Volunt\u00e1ria a fazer manuten\u00e7\u00e3o da sinal\u00e9tica dos trilhos pedestres da Rota Vicentina junto ao mar\"},{\"@type\":\"BreadcrumbList\",\"@id\":\"https:\/\/blog.rotavicentina.com\/en\/maintenance-hikes-calendar\/#breadcrumb\",\"itemListElement\":[{\"@type\":\"ListItem\",\"position\":1,\"name\":\"In\u00edcio\",\"item\":\"https:\/\/blog.rotavicentina.com\/en\/\"},{\"@type\":\"ListItem\",\"position\":2,\"name\":\"New maintenance hikes calendar\"}]},{\"@type\":\"WebSite\",\"@id\":\"https:\/\/blog.rotavicentina.com\/#website\",\"url\":\"https:\/\/blog.rotavicentina.com\/\",\"name\":\"Blog Rota Vicentina\",\"description\":\"Muito mais Rota Vicentina, para al\u00e9m de caminhar ou pedalar!\",\"publisher\":{\"@id\":\"https:\/\/blog.rotavicentina.com\/#organization\"},\"potentialAction\":[{\"@type\":\"SearchAction\",\"target\":{\"@type\":\"EntryPoint\",\"urlTemplate\":\"https:\/\/blog.rotavicentina.com\/?s={search_term_string}\"},\"query-input\":{\"@type\":\"PropertyValueSpecification\",\"valueRequired\":true,\"valueName\":\"search_term_string\"}}],\"inLanguage\":\"en-US\"},{\"@type\":\"Organization\",\"@id\":\"https:\/\/blog.rotavicentina.com\/#organization\",\"name\":\"Rota Vicentina\",\"url\":\"https:\/\/blog.rotavicentina.com\/\",\"logo\":{\"@type\":\"ImageObject\",\"inLanguage\":\"en-US\",\"@id\":\"https:\/\/blog.rotavicentina.com\/#\/schema\/logo\/image\/\",\"url\":\"https:\/\/blog.rotavicentina.com\/wp-content\/uploads\/sites\/2\/2022\/03\/Copia-de-Imagem-de-destaque-Blog.png\",\"contentUrl\":\"https:\/\/blog.rotavicentina.com\/wp-content\/uploads\/sites\/2\/2022\/03\/Copia-de-Imagem-de-destaque-Blog.png\",\"width\":852,\"height\":480,\"caption\":\"Rota Vicentina\"},\"image\":{\"@id\":\"https:\/\/blog.rotavicentina.com\/#\/schema\/logo\/image\/\"}},{\"@type\":\"Person\",\"@id\":\"https:\/\/blog.rotavicentina.com\/#\/schema\/person\/db7519f555b26b5cdf90654a0b8e7929\",\"name\":\"Beatriz Silvestre\",\"image\":{\"@type\":\"ImageObject\",\"inLanguage\":\"en-US\",\"@id\":\"https:\/\/blog.rotavicentina.com\/#\/schema\/person\/image\/\",\"url\":\"https:\/\/secure.gravatar.com\/avatar\/60d633a94a611929ec9294d13e6ae3f52f4fdd466cf4c31f35910aa6e24a083b?s=96&d=mm&r=g\",\"contentUrl\":\"https:\/\/secure.gravatar.com\/avatar\/60d633a94a611929ec9294d13e6ae3f52f4fdd466cf4c31f35910aa6e24a083b?s=96&d=mm&r=g\",\"caption\":\"Beatriz Silvestre\"},\"url\":\"https:\/\/blog.rotavicentina.com\/en\/author\/rotavicentina\/\"}]}<\/script>\n<!-- \/ Yoast SEO plugin. -->","yoast_head_json":{"title":"Rota Vicentina maintenance hikes calendar","description":"In the 2023\/2024 walking season, the maintenance hikes calendar will be annual, with one activity per month, always on weekends or holidays.","robots":{"index":"index","follow":"follow","max-snippet":"max-snippet:-1","max-image-preview":"max-image-preview:large","max-video-preview":"max-video-preview:-1"},"canonical":"https:\/\/blog.rotavicentina.com\/en\/maintenance-hikes-calendar\/","og_locale":"en_US","og_type":"article","og_title":"Rota Vicentina maintenance hikes calendar","og_description":"In the 2023\/2024 walking season, the maintenance hikes calendar will be annual, with one activity per month, always on weekends or holidays.","og_url":"https:\/\/blog.rotavicentina.com\/en\/maintenance-hikes-calendar\/","og_site_name":"Blog Rota Vicentina","article_published_time":"2023-10-06T15:55:04+00:00","article_modified_time":"2024-06-05T18:31:01+00:00","og_image":[{"width":852,"height":480,"url":"https:\/\/blog.rotavicentina.com\/wp-content\/uploads\/sites\/2\/2023\/10\/Imagem-de-destaque-Blog.jpg","type":"image\/jpeg"}],"author":"Beatriz Silvestre","twitter_card":"summary_large_image","twitter_title":"Rota Vicentina maintenance hikes calendar","twitter_description":"In the 2023\/2024 walking season, the maintenance hikes calendar will be annual, with one activity per month, always on weekends or holidays.","twitter_image":"https:\/\/blog.rotavicentina.com\/wp-content\/uploads\/2023\/10\/Imagem-de-destaque-Blog.jpg","twitter_misc":{"Written by":"Beatriz Silvestre","Est. reading time":"2 minutes"},"schema":{"@context":"https:\/\/schema.org","@graph":[{"@type":"Article","@id":"https:\/\/blog.rotavicentina.com\/en\/maintenance-hikes-calendar\/#article","isPartOf":{"@id":"https:\/\/blog.rotavicentina.com\/en\/maintenance-hikes-calendar\/"},"author":{"name":"Beatriz Silvestre","@id":"https:\/\/blog.rotavicentina.com\/#\/schema\/person\/db7519f555b26b5cdf90654a0b8e7929"},"headline":"New maintenance hikes calendar","datePublished":"2023-10-06T15:55:04+00:00","dateModified":"2024-06-05T18:31:01+00:00","mainEntityOfPage":{"@id":"https:\/\/blog.rotavicentina.com\/en\/maintenance-hikes-calendar\/"},"wordCount":497,"publisher":{"@id":"https:\/\/blog.rotavicentina.com\/#organization"},"image":{"@id":"https:\/\/blog.rotavicentina.com\/en\/maintenance-hikes-calendar\/#primaryimage"},"thumbnailUrl":"https:\/\/blog.rotavicentina.com\/wp-content\/uploads\/2023\/10\/Imagem-de-destaque-Blog.jpg","keywords":["Maintenance","Volunteering","Walking Trails"],"articleSection":["Management &amp; Maintenance"],"inLanguage":"en-US"},{"@type":"WebPage","@id":"https:\/\/blog.rotavicentina.com\/en\/maintenance-hikes-calendar\/","url":"https:\/\/blog.rotavicentina.com\/en\/maintenance-hikes-calendar\/","name":"Rota Vicentina maintenance hikes calendar","isPartOf":{"@id":"https:\/\/blog.rotavicentina.com\/#website"},"primaryImageOfPage":{"@id":"https:\/\/blog.rotavicentina.com\/en\/maintenance-hikes-calendar\/#primaryimage"},"image":{"@id":"https:\/\/blog.rotavicentina.com\/en\/maintenance-hikes-calendar\/#primaryimage"},"thumbnailUrl":"https:\/\/blog.rotavicentina.com\/wp-content\/uploads\/2023\/10\/Imagem-de-destaque-Blog.jpg","datePublished":"2023-10-06T15:55:04+00:00","dateModified":"2024-06-05T18:31:01+00:00","description":"In the 2023\/2024 walking season, the maintenance hikes calendar will be annual, with one activity per month, always on weekends or holidays.","breadcrumb":{"@id":"https:\/\/blog.rotavicentina.com\/en\/maintenance-hikes-calendar\/#breadcrumb"},"inLanguage":"en-US","potentialAction":[{"@type":"ReadAction","target":["https:\/\/blog.rotavicentina.com\/en\/maintenance-hikes-calendar\/"]}]},{"@type":"ImageObject","inLanguage":"en-US","@id":"https:\/\/blog.rotavicentina.com\/en\/maintenance-hikes-calendar\/#primaryimage","url":"https:\/\/blog.rotavicentina.com\/wp-content\/uploads\/2023\/10\/Imagem-de-destaque-Blog.jpg","contentUrl":"https:\/\/blog.rotavicentina.com\/wp-content\/uploads\/2023\/10\/Imagem-de-destaque-Blog.jpg","width":852,"height":480,"caption":"Volunt\u00e1ria a fazer manuten\u00e7\u00e3o da sinal\u00e9tica dos trilhos pedestres da Rota Vicentina junto ao mar"},{"@type":"BreadcrumbList","@id":"https:\/\/blog.rotavicentina.com\/en\/maintenance-hikes-calendar\/#breadcrumb","itemListElement":[{"@type":"ListItem","position":1,"name":"In\u00edcio","item":"https:\/\/blog.rotavicentina.com\/en\/"},{"@type":"ListItem","position":2,"name":"New maintenance hikes calendar"}]},{"@type":"WebSite","@id":"https:\/\/blog.rotavicentina.com\/#website","url":"https:\/\/blog.rotavicentina.com\/","name":"Blog Rota Vicentina","description":"Muito mais Rota Vicentina, para al\u00e9m de caminhar ou pedalar!","publisher":{"@id":"https:\/\/blog.rotavicentina.com\/#organization"},"potentialAction":[{"@type":"SearchAction","target":{"@type":"EntryPoint","urlTemplate":"https:\/\/blog.rotavicentina.com\/?s={search_term_string}"},"query-input":{"@type":"PropertyValueSpecification","valueRequired":true,"valueName":"search_term_string"}}],"inLanguage":"en-US"},{"@type":"Organization","@id":"https:\/\/blog.rotavicentina.com\/#organization","name":"Rota Vicentina","url":"https:\/\/blog.rotavicentina.com\/","logo":{"@type":"ImageObject","inLanguage":"en-US","@id":"https:\/\/blog.rotavicentina.com\/#\/schema\/logo\/image\/","url":"https:\/\/blog.rotavicentina.com\/wp-content\/uploads\/sites\/2\/2022\/03\/Copia-de-Imagem-de-destaque-Blog.png","contentUrl":"https:\/\/blog.rotavicentina.com\/wp-content\/uploads\/sites\/2\/2022\/03\/Copia-de-Imagem-de-destaque-Blog.png","width":852,"height":480,"caption":"Rota Vicentina"},"image":{"@id":"https:\/\/blog.rotavicentina.com\/#\/schema\/logo\/image\/"}},{"@type":"Person","@id":"https:\/\/blog.rotavicentina.com\/#\/schema\/person\/db7519f555b26b5cdf90654a0b8e7929","name":"Beatriz Silvestre","image":{"@type":"ImageObject","inLanguage":"en-US","@id":"https:\/\/blog.rotavicentina.com\/#\/schema\/person\/image\/","url":"https:\/\/secure.gravatar.com\/avatar\/60d633a94a611929ec9294d13e6ae3f52f4fdd466cf4c31f35910aa6e24a083b?s=96&d=mm&r=g","contentUrl":"https:\/\/secure.gravatar.com\/avatar\/60d633a94a611929ec9294d13e6ae3f52f4fdd466cf4c31f35910aa6e24a083b?s=96&d=mm&r=g","caption":"Beatriz Silvestre"},"url":"https:\/\/blog.rotavicentina.com\/en\/author\/rotavicentina\/"}]}},"_links":{"self":[{"href":"https:\/\/blog.rotavicentina.com\/en\/wp-json\/wp\/v2\/posts\/21281","targetHints":{"allow":["GET"]}}],"collection":[{"href":"https:\/\/blog.rotavicentina.com\/en\/wp-json\/wp\/v2\/posts"}],"about":[{"href":"https:\/\/blog.rotavicentina.com\/en\/wp-json\/wp\/v2\/types\/post"}],"author":[{"embeddable":true,"href":"https:\/\/blog.rotavicentina.com\/en\/wp-json\/wp\/v2\/users\/2"}],"replies":[{"embeddable":true,"href":"https:\/\/blog.rotavicentina.com\/en\/wp-json\/wp\/v2\/comments?post=21281"}],"version-history":[{"count":10,"href":"https:\/\/blog.rotavicentina.com\/en\/wp-json\/wp\/v2\/posts\/21281\/revisions"}],"predecessor-version":[{"id":25844,"href":"https:\/\/blog.rotavicentina.com\/en\/wp-json\/wp\/v2\/posts\/21281\/revisions\/25844"}],"wp:featuredmedia":[{"embeddable":true,"href":"https:\/\/blog.rotavicentina.com\/en\/wp-json\/wp\/v2\/media\/21311"}],"wp:attachment":[{"href":"https:\/\/blog.rotavicentina.com\/en\/wp-json\/wp\/v2\/media?parent=21281"}],"wp:term":[{"taxonomy":"category","embeddable":true,"href":"https:\/\/blog.rotavicentina.com\/en\/wp-json\/wp\/v2\/categories?post=21281"},{"taxonomy":"post_tag","embeddable":true,"href":"https:\/\/blog.rotavicentina.com\/en\/wp-json\/wp\/v2\/tags?post=21281"},{"taxonomy":"tipos","embeddable":true,"href":"https:\/\/blog.rotavicentina.com\/en\/wp-json\/wp\/v2\/tipos?post=21281"},{"taxonomy":"destaques","embeddable":true,"href":"https:\/\/blog.rotavicentina.com\/en\/wp-json\/wp\/v2\/destaques?post=21281"}],"curies":[{"name":"wp","href":"https:\/\/api.w.org\/{rel}","templated":true}]}}