{"id":21330,"date":"2023-10-10T14:08:35","date_gmt":"2023-10-10T14:08:35","guid":{"rendered":"https:\/\/blog.rotavicentina.com\/?p=21330"},"modified":"2025-03-07T12:11:10","modified_gmt":"2025-03-07T12:11:10","slug":"discover-rota-vicentinas-partners-with-ambitur","status":"publish","type":"post","link":"https:\/\/blog.rotavicentina.com\/en\/discover-rota-vicentinas-partners-with-ambitur\/","title":{"rendered":"Discover Rota Vicentina&#8217;s Partners with AMBITUR"},"content":{"rendered":"<div class=\"wpb-content-wrapper\"><p>[vc_row unlock_row_content=&#8221;&#8221; row_height_percent=&#8221;0&#8243; columns_gutter=&#8221;&#8221; shift_y=&#8221;0&#8243; z_index=&#8221;0&#8243;][vc_column width=&#8221;1\/1&#8243;][vc_custom_heading]<span style=\"font-weight: 300\">Stories from Rota Vicentina&#8217;s partners at portuguese magazine AMBITUR<\/span>[\/vc_custom_heading][vc_column_text]The Portuguese magazine AMBITUR has a new column entirely dedicated to Rota Vicentina, inviting you on a journey through the Southwest of Portugal with those who have built their life projects here and, along the way, have become partners of our Association.<\/p>\n<p>Weekly, AMBITUR interviews several entrepreneurial individuals who, together with the Rota Vicentina Association, promote a model of responsible and regenerative tourism in the Costa Alentejana and Vicentina.[\/vc_column_text][vc_column_text]<strong>Follow everything on the <a href=\"https:\/\/www.ambitur.pt\/categoria\/explore\/destinos\/\" target=\"_blank\" rel=\"noopener\">AMBITUR website<\/a> or through the links below (in updating):<\/strong>[\/vc_column_text][vc_accordion][vc_accordion_tab title=&#8221;Anne Rasquin | Stress Free Zone&#8221; tab_id=&#8221;1696944583-1-75&#8243; slug=&#8221;ambitur-anne-rasquin&#8221;][vc_column_text]Founder and therapist at <a href=\"https:\/\/rotavicentina.com\/actividades\/stress-free-zone\/\">Stress Free Zone<\/a>, located in Vila Nova de Milfontes.[\/vc_column_text][vc_btn link=&#8221;url:https%3A%2F%2Fwww.ambitur.pt%2Fna-rota-vicentina-com-anne-rasquin-da-stress-free-zone%2F|target:_blank|&#8221; icon=&#8221;icon-arrow-blog&#8221; id=&#8221;xk9wwirv6&#8243;]Read interview[\/vc_btn][\/vc_accordion_tab][vc_accordion_tab title=&#8221;Ana Moura | Lamelas Restaurant&#8221; tab_id=&#8221;1696944583-2-26&#8243; slug=&#8221;ana-moura-ambitur&#8221;][vc_column_text]Owner and chef at the <a href=\"https:\/\/rotavicentina.com\/restaurantes\/lamelas-restaurante\/\">Lamelas restaurant<\/a> in Porto Covo.[\/vc_column_text][vc_btn link=&#8221;url:https%3A%2F%2Fwww.ambitur.pt%2Fna-rota-vicentina-com-ana-moura-do-lamelas-restaurante%2F|target:_blank|&#8221; icon=&#8221;icon-arrow-blog&#8221; id=&#8221;waaropn5x&#8221;]Read interview[\/vc_btn][\/vc_accordion_tab][vc_accordion_tab title=&#8221;Jo\u00e3o Ministro | Proactivetur&#8221; tab_id=&#8221;1696946096496-2-8&#8243; slug=&#8221;joao-ministro-ambitur&#8221;][vc_column_text]CEO and founder of <a href=\"https:\/\/rotavicentina.com\/actividades\/proactivetur\/\">Proactivetur<\/a>, an ecotourism and creative tourism company based in Loul\u00e9.[\/vc_column_text][vc_btn link=&#8221;url:https%3A%2F%2Fwww.ambitur.pt%2Fna-rota-vicentina-com-joao-ministro-da-proactivetur%2F|target:_blank|&#8221; icon=&#8221;icon-arrow-blog&#8221; id=&#8221;zmc7nhtin&#8221;]Read interview[\/vc_btn][\/vc_accordion_tab][vc_accordion_tab title=&#8221;Lu\u00eds Leote Falc\u00e3o | Herdade do Touril&#8221; tab_id=&#8221;1698438497916-3-8&#8243;][vc_column_text]Owner and manager of <a href=\"https:\/\/rotavicentina.com\/alojamentos\/herdade-do-touril\/\">Herdade do Touril<\/a>, a country house located in the heart of Alentejo Coast.[\/vc_column_text][vc_btn link=&#8221;url:https%3A%2F%2Fwww.ambitur.pt%2Fna-rota-vicentina-com-luis-leote-falcao-da-herdade-do-touril%2F|target:_blank|&#8221; icon=&#8221;icon-arrow-blog&#8221; id=&#8221;zmc7nhtin&#8221;]Read interview[\/vc_btn][\/vc_accordion_tab][vc_accordion_tab title=&#8221;Afonso Pereira | J\u00fanior Jacques Destiladores&#8221; tab_id=&#8221;1698438793897-4-8&#8243;][vc_column_text]Owner and manager of <a href=\"https:\/\/rotavicentina.com\/actividades\/destilaria-junior-jacques\/\">J\u00fanior Jacques Distillers<\/a>, a project dedicated to the production of high-quality spirits, based in Odemira.[\/vc_column_text][vc_btn link=&#8221;url:https%3A%2F%2Fwww.ambitur.pt%2Fna-rota-vicentina-com-afonso-pereira-da-junior-jacques-destiladores%2F|target:_blank|&#8221; id=&#8221;sq2dnvrcx&#8221;]Read interview[\/vc_btn][\/vc_accordion_tab][vc_accordion_tab title=&#8221;Ant\u00f3nio Gomes | Herdade da Am\u00e1lia&#8221; tab_id=&#8221;1738153845985-5-8&#8243;][vc_column_text]CEO of <a href=\"https:\/\/rotavicentina.com\/alojamentos\/herdade-da-amalia\/\" target=\"_blank\" rel=\"noopener\">Herdade da Am\u00e1lia<\/a>, a tourism venture that was once the holiday retreat for Am\u00e1lia Rodrigues, the diva of Fado.[\/vc_column_text][vc_btn id=&#8221;ffzmqidji&#8221; link=&#8221;url:https%3A%2F%2Fwww.ambitur.pt%2Fna-rota-vicentina-com-antonio-gomes-da-herdade-da-amalia%2F|target:_blank|&#8221;]Read interview[\/vc_btn][\/vc_accordion_tab][vc_accordion_tab title=&#8221;Anabela Coimbra | Quinta das Beldroegas&#8221; tab_id=&#8221;1738780035679-6-2&#8243;][vc_column_text]Owner and manager of <a href=\"https:\/\/rotavicentina.com\/alojamentos\/quinta-das-beldroegas\/\" target=\"_blank\" rel=\"noopener\">Quinta das Beldroegas<\/a>, a rural tourism located along the <a href=\"https:\/\/rotavicentina.com\/walking\/caminho-historico\/\" target=\"_blank\" rel=\"noopener\">Historical Way<\/a>.[\/vc_column_text][vc_btn link=&#8221;url:https%3A%2F%2Fwww.ambitur.pt%2Fna-rota-vicentina-com-anabela-coimbra-da-quinta-das-beldroegas%2F|target:_blank&#8221; id=&#8221;tmhgh3ubx&#8221;]Read interview [\/vc_btn][\/vc_accordion_tab][vc_accordion_tab title=&#8221;Finn Joana Rasquin | Finn\u2019s Routes&#8221; tab_id=&#8221;1739193263967-7-1&#8243;][vc_column_text]Founder and Guide of <a href=\"https:\/\/rotavicentina.com\/en\/actividades\/finns-routes\/\" target=\"_blank\" rel=\"noopener\">Finn\u2019s Routes<\/a>, a project that invites you to discover the Southwest Alentejo![\/vc_column_text][vc_btn link=&#8221;url:https%3A%2F%2Fwww.ambitur.pt%2Fna-rota-vicentina-com-finn-joana-rasquin-da-finns-route%2F|target:_blank&#8221; id=&#8221;bs09fiv36&#8243;]Read interview[\/vc_btn][\/vc_accordion_tab][vc_accordion_tab title=&#8221;Alfredo Moreira da Silva | Herdade da Matinha&#8221; tab_id=&#8221;1739458932405-8-5&#8243;][vc_column_text]Owner and manager of <a href=\"https:\/\/rotavicentina.com\/alojamentos\/herdade-da-matinha\/\" target=\"_blank\" rel=\"noopener\">Herdade da Matinha<\/a>, a rural tourism nestled in a valley of the Alentejo Coast, in the heart of Serra do Cercal.[\/vc_column_text][vc_btn link=&#8221;url:https%3A%2F%2Fwww.ambitur.pt%2Fna-rota-vicentina-com-alfredo-moreira-da-silva-da-herdade-da-matinha%2F|target:_blank&#8221; id=&#8221;tb5a9wqq3&#8243;]Read interview [\/vc_btn][\/vc_accordion_tab][vc_accordion_tab title=&#8221;Jos\u00e9 Granja | Vicentina Transfers&#8221; tab_id=&#8221;1739791444143-9-2&#8243;][vc_column_text]CEO and founder of <a href=\"https:\/\/rotavicentina.com\/en\/transportes\/vicentina-transfers\/\" target=\"_blank\" rel=\"noopener\">Vicentina Transfers<\/a>, a company specialized in luggage transportation along all the trails of Rota Vicentina.[\/vc_column_text][vc_btn link=&#8221;url:https%3A%2F%2Fwww.ambitur.pt%2Fna-rota-vicentina-com-jose-granja-da-vicentina-transfers%2F|target:_blank&#8221; id=&#8221;0itao6u6f&#8221;]Read interview [\/vc_btn][\/vc_accordion_tab][vc_accordion_tab title=&#8221;Sara Magalh\u00e3es | Mar Ilimitado&#8221; tab_id=&#8221;1740494782032-10-3&#8243;][vc_column_text]Marine biologist and general director of <a href=\"https:\/\/rotavicentina.com\/en\/actividades\/mar-ilimitado\/\" target=\"_blank\" rel=\"noopener\">Mar Ilimitado<\/a>, a company specialized in organizing guided ocean activities in Sagres.[\/vc_column_text][vc_btn link=&#8221;url:https%3A%2F%2Fwww.ambitur.pt%2Fna-rota-vicentina-com-sara-magalhaes-da-mar-ilimitado%2F|target:_blank&#8221; id=&#8221;5z2irf122&#8243;]Read interview [\/vc_btn][\/vc_accordion_tab][vc_accordion_tab title=&#8221;Jo\u00e3o Perre Viana | Walking Mentorship&#8221; tab_id=&#8221;1740747853895-11-0&#8243;][vc_column_text]CEO and founder of <a href=\"https:\/\/rotavicentina.com\/en\/actividades\/walking-mentorship\/\" target=\"_blank\" rel=\"noopener\">Walking Mentorship<\/a>, a company that develops mentorship programs through walks in nature.[\/vc_column_text][vc_btn link=&#8221;url:https%3A%2F%2Fwww.ambitur.pt%2Fna-rota-vicentina-com-joao-perre-viana-da-walking-mentorship%2F|target:_blank&#8221; id=&#8221;nccrvn622&#8243;]Read interview [\/vc_btn][\/vc_accordion_tab][vc_accordion_tab title=&#8221;Concei\u00e7\u00e3o Gon\u00e7alves | Maresia do Mira&#8221; tab_id=&#8221;1741349284135-12-9&#8243;][vc_column_text]Owner and manager of <a href=\"https:\/\/rotavicentina.com\/en\/transportes\/taxi-boat-maresia\/\" target=\"_blank\" rel=\"noopener\">Maresia do Mira<\/a>, a water taxi service in Vila Nova de Milfontes, located in the estuary of the Mira River.[\/vc_column_text][vc_btn link=&#8221;url:https%3A%2F%2Fwww.ambitur.pt%2Fna-rota-vicentina-com-conceicao-goncalves-do-maresia-do-mira%2F|target:_blank&#8221; id=&#8221;d4i18h3dj&#8221;]Read interview [\/vc_btn][\/vc_accordion_tab][\/vc_accordion][vc_column_text]<strong>Thanks to <a href=\"https:\/\/blog.rotavicentina.com\/en\/autores\/rita-freitas\/\">Rita Freitas<\/a> and the AMBITUR editorial team for developing this section.<\/strong>[\/vc_column_text][\/vc_column][\/vc_row]<\/p>\n<\/div>","protected":false},"excerpt":{"rendered":"<p>Stories from Rota Vicentina&#8217;s partners at portuguese magazine AMBITUR<\/p>\n","protected":false},"author":2,"featured_media":21341,"comment_status":"closed","ping_status":"closed","sticky":false,"template":"","format":"standard","meta":{"_acf_changed":false,"footnotes":""},"categories":[122],"tags":[161,147,212],"tipos":[134],"destaques":[],"class_list":["post-21330","post","type-post","status-publish","format-standard","has-post-thumbnail","hentry","category-trips","tag-press","tag-responsible-travel","tag-rota-vicentina-associates","tipos-clipping-en"],"acf":[],"yoast_head":"<!-- This site is optimized with the Yoast SEO plugin v27.0 - https:\/\/yoast.com\/product\/yoast-seo-wordpress\/ -->\n<title>Discover Rota Vicentina&#039;s Partners with AMBITUR<\/title>\n<meta name=\"description\" content=\"Entrepreneurs who, hand in hand with Rota Vicentina, drive a model of responsible tourism in this region.\" \/>\n<meta name=\"robots\" content=\"index, follow, max-snippet:-1, max-image-preview:large, max-video-preview:-1\" \/>\n<link rel=\"canonical\" href=\"https:\/\/blog.rotavicentina.com\/en\/discover-rota-vicentinas-partners-with-ambitur\/\" \/>\n<meta property=\"og:locale\" content=\"en_US\" \/>\n<meta property=\"og:type\" content=\"article\" \/>\n<meta property=\"og:title\" content=\"Discover Rota Vicentina&#039;s Partners with AMBITUR\" \/>\n<meta property=\"og:description\" content=\"Entrepreneurs who, hand in hand with Rota Vicentina, drive a model of responsible tourism in this region.\" \/>\n<meta property=\"og:url\" content=\"https:\/\/blog.rotavicentina.com\/en\/discover-rota-vicentinas-partners-with-ambitur\/\" \/>\n<meta property=\"og:site_name\" content=\"Blog Rota Vicentina\" \/>\n<meta property=\"article:published_time\" content=\"2023-10-10T14:08:35+00:00\" \/>\n<meta property=\"article:modified_time\" content=\"2025-03-07T12:11:10+00:00\" \/>\n<meta property=\"og:image\" content=\"https:\/\/blog.rotavicentina.com\/wp-content\/uploads\/sites\/2\/2023\/10\/Imagem-de-corpodestaque-Blog-Rota-Vicentina-1.jpg\" \/>\n\t<meta property=\"og:image:width\" content=\"852\" \/>\n\t<meta property=\"og:image:height\" content=\"480\" \/>\n\t<meta property=\"og:image:type\" content=\"image\/jpeg\" \/>\n<meta name=\"author\" content=\"Beatriz Silvestre\" \/>\n<meta name=\"twitter:card\" content=\"summary_large_image\" \/>\n<meta name=\"twitter:title\" content=\"Discover Rota Vicentina&#039;s Partners with AMBITUR\" \/>\n<meta name=\"twitter:description\" content=\"Entrepreneurs who, hand in hand with Rota Vicentina, drive a model of responsible tourism in this region.\" \/>\n<meta name=\"twitter:label1\" content=\"Written by\" \/>\n\t<meta name=\"twitter:data1\" content=\"Beatriz Silvestre\" \/>\n\t<meta name=\"twitter:label2\" content=\"Est. reading time\" \/>\n\t<meta name=\"twitter:data2\" content=\"3 minutes\" \/>\n<script type=\"application\/ld+json\" class=\"yoast-schema-graph\">{\"@context\":\"https:\/\/schema.org\",\"@graph\":[{\"@type\":\"Article\",\"@id\":\"https:\/\/blog.rotavicentina.com\/en\/discover-rota-vicentinas-partners-with-ambitur\/#article\",\"isPartOf\":{\"@id\":\"https:\/\/blog.rotavicentina.com\/en\/discover-rota-vicentinas-partners-with-ambitur\/\"},\"author\":{\"name\":\"Beatriz Silvestre\",\"@id\":\"https:\/\/blog.rotavicentina.com\/#\/schema\/person\/db7519f555b26b5cdf90654a0b8e7929\"},\"headline\":\"Discover Rota Vicentina&#8217;s Partners with AMBITUR\",\"datePublished\":\"2023-10-10T14:08:35+00:00\",\"dateModified\":\"2025-03-07T12:11:10+00:00\",\"mainEntityOfPage\":{\"@id\":\"https:\/\/blog.rotavicentina.com\/en\/discover-rota-vicentinas-partners-with-ambitur\/\"},\"wordCount\":976,\"publisher\":{\"@id\":\"https:\/\/blog.rotavicentina.com\/#organization\"},\"image\":{\"@id\":\"https:\/\/blog.rotavicentina.com\/en\/discover-rota-vicentinas-partners-with-ambitur\/#primaryimage\"},\"thumbnailUrl\":\"https:\/\/blog.rotavicentina.com\/wp-content\/uploads\/2023\/10\/Imagem-de-corpodestaque-Blog-Rota-Vicentina-1.jpg\",\"keywords\":[\"Press\",\"Responsible Travel\",\"Rota Vicentina\u00ae Associates\"],\"articleSection\":[\"Trips\"],\"inLanguage\":\"en-US\"},{\"@type\":\"WebPage\",\"@id\":\"https:\/\/blog.rotavicentina.com\/en\/discover-rota-vicentinas-partners-with-ambitur\/\",\"url\":\"https:\/\/blog.rotavicentina.com\/en\/discover-rota-vicentinas-partners-with-ambitur\/\",\"name\":\"Discover Rota Vicentina's Partners with AMBITUR\",\"isPartOf\":{\"@id\":\"https:\/\/blog.rotavicentina.com\/#website\"},\"primaryImageOfPage\":{\"@id\":\"https:\/\/blog.rotavicentina.com\/en\/discover-rota-vicentinas-partners-with-ambitur\/#primaryimage\"},\"image\":{\"@id\":\"https:\/\/blog.rotavicentina.com\/en\/discover-rota-vicentinas-partners-with-ambitur\/#primaryimage\"},\"thumbnailUrl\":\"https:\/\/blog.rotavicentina.com\/wp-content\/uploads\/2023\/10\/Imagem-de-corpodestaque-Blog-Rota-Vicentina-1.jpg\",\"datePublished\":\"2023-10-10T14:08:35+00:00\",\"dateModified\":\"2025-03-07T12:11:10+00:00\",\"description\":\"Entrepreneurs who, hand in hand with Rota Vicentina, drive a model of responsible tourism in this region.\",\"breadcrumb\":{\"@id\":\"https:\/\/blog.rotavicentina.com\/en\/discover-rota-vicentinas-partners-with-ambitur\/#breadcrumb\"},\"inLanguage\":\"en-US\",\"potentialAction\":[{\"@type\":\"ReadAction\",\"target\":[\"https:\/\/blog.rotavicentina.com\/en\/discover-rota-vicentinas-partners-with-ambitur\/\"]}]},{\"@type\":\"ImageObject\",\"inLanguage\":\"en-US\",\"@id\":\"https:\/\/blog.rotavicentina.com\/en\/discover-rota-vicentinas-partners-with-ambitur\/#primaryimage\",\"url\":\"https:\/\/blog.rotavicentina.com\/wp-content\/uploads\/2023\/10\/Imagem-de-corpodestaque-Blog-Rota-Vicentina-1.jpg\",\"contentUrl\":\"https:\/\/blog.rotavicentina.com\/wp-content\/uploads\/2023\/10\/Imagem-de-corpodestaque-Blog-Rota-Vicentina-1.jpg\",\"width\":852,\"height\":480,\"caption\":\"Empres\u00e1rios parceiros da Rota Vicentina com placa de parceiro associado\"},{\"@type\":\"BreadcrumbList\",\"@id\":\"https:\/\/blog.rotavicentina.com\/en\/discover-rota-vicentinas-partners-with-ambitur\/#breadcrumb\",\"itemListElement\":[{\"@type\":\"ListItem\",\"position\":1,\"name\":\"In\u00edcio\",\"item\":\"https:\/\/blog.rotavicentina.com\/en\/\"},{\"@type\":\"ListItem\",\"position\":2,\"name\":\"Discover Rota Vicentina&#8217;s Partners with AMBITUR\"}]},{\"@type\":\"WebSite\",\"@id\":\"https:\/\/blog.rotavicentina.com\/#website\",\"url\":\"https:\/\/blog.rotavicentina.com\/\",\"name\":\"Blog Rota Vicentina\",\"description\":\"Muito mais Rota Vicentina, para al\u00e9m de caminhar ou pedalar!\",\"publisher\":{\"@id\":\"https:\/\/blog.rotavicentina.com\/#organization\"},\"potentialAction\":[{\"@type\":\"SearchAction\",\"target\":{\"@type\":\"EntryPoint\",\"urlTemplate\":\"https:\/\/blog.rotavicentina.com\/?s={search_term_string}\"},\"query-input\":{\"@type\":\"PropertyValueSpecification\",\"valueRequired\":true,\"valueName\":\"search_term_string\"}}],\"inLanguage\":\"en-US\"},{\"@type\":\"Organization\",\"@id\":\"https:\/\/blog.rotavicentina.com\/#organization\",\"name\":\"Rota Vicentina\",\"url\":\"https:\/\/blog.rotavicentina.com\/\",\"logo\":{\"@type\":\"ImageObject\",\"inLanguage\":\"en-US\",\"@id\":\"https:\/\/blog.rotavicentina.com\/#\/schema\/logo\/image\/\",\"url\":\"https:\/\/blog.rotavicentina.com\/wp-content\/uploads\/sites\/2\/2022\/03\/Copia-de-Imagem-de-destaque-Blog.png\",\"contentUrl\":\"https:\/\/blog.rotavicentina.com\/wp-content\/uploads\/sites\/2\/2022\/03\/Copia-de-Imagem-de-destaque-Blog.png\",\"width\":852,\"height\":480,\"caption\":\"Rota Vicentina\"},\"image\":{\"@id\":\"https:\/\/blog.rotavicentina.com\/#\/schema\/logo\/image\/\"}},{\"@type\":\"Person\",\"@id\":\"https:\/\/blog.rotavicentina.com\/#\/schema\/person\/db7519f555b26b5cdf90654a0b8e7929\",\"name\":\"Beatriz Silvestre\",\"image\":{\"@type\":\"ImageObject\",\"inLanguage\":\"en-US\",\"@id\":\"https:\/\/blog.rotavicentina.com\/#\/schema\/person\/image\/\",\"url\":\"https:\/\/secure.gravatar.com\/avatar\/60d633a94a611929ec9294d13e6ae3f52f4fdd466cf4c31f35910aa6e24a083b?s=96&d=mm&r=g\",\"contentUrl\":\"https:\/\/secure.gravatar.com\/avatar\/60d633a94a611929ec9294d13e6ae3f52f4fdd466cf4c31f35910aa6e24a083b?s=96&d=mm&r=g\",\"caption\":\"Beatriz Silvestre\"},\"url\":\"https:\/\/blog.rotavicentina.com\/en\/author\/rotavicentina\/\"}]}<\/script>\n<!-- \/ Yoast SEO plugin. -->","yoast_head_json":{"title":"Discover Rota Vicentina's Partners with AMBITUR","description":"Entrepreneurs who, hand in hand with Rota Vicentina, drive a model of responsible tourism in this region.","robots":{"index":"index","follow":"follow","max-snippet":"max-snippet:-1","max-image-preview":"max-image-preview:large","max-video-preview":"max-video-preview:-1"},"canonical":"https:\/\/blog.rotavicentina.com\/en\/discover-rota-vicentinas-partners-with-ambitur\/","og_locale":"en_US","og_type":"article","og_title":"Discover Rota Vicentina's Partners with AMBITUR","og_description":"Entrepreneurs who, hand in hand with Rota Vicentina, drive a model of responsible tourism in this region.","og_url":"https:\/\/blog.rotavicentina.com\/en\/discover-rota-vicentinas-partners-with-ambitur\/","og_site_name":"Blog Rota Vicentina","article_published_time":"2023-10-10T14:08:35+00:00","article_modified_time":"2025-03-07T12:11:10+00:00","og_image":[{"width":852,"height":480,"url":"https:\/\/blog.rotavicentina.com\/wp-content\/uploads\/sites\/2\/2023\/10\/Imagem-de-corpodestaque-Blog-Rota-Vicentina-1.jpg","type":"image\/jpeg"}],"author":"Beatriz Silvestre","twitter_card":"summary_large_image","twitter_title":"Discover Rota Vicentina's Partners with AMBITUR","twitter_description":"Entrepreneurs who, hand in hand with Rota Vicentina, drive a model of responsible tourism in this region.","twitter_misc":{"Written by":"Beatriz Silvestre","Est. reading time":"3 minutes"},"schema":{"@context":"https:\/\/schema.org","@graph":[{"@type":"Article","@id":"https:\/\/blog.rotavicentina.com\/en\/discover-rota-vicentinas-partners-with-ambitur\/#article","isPartOf":{"@id":"https:\/\/blog.rotavicentina.com\/en\/discover-rota-vicentinas-partners-with-ambitur\/"},"author":{"name":"Beatriz Silvestre","@id":"https:\/\/blog.rotavicentina.com\/#\/schema\/person\/db7519f555b26b5cdf90654a0b8e7929"},"headline":"Discover Rota Vicentina&#8217;s Partners with AMBITUR","datePublished":"2023-10-10T14:08:35+00:00","dateModified":"2025-03-07T12:11:10+00:00","mainEntityOfPage":{"@id":"https:\/\/blog.rotavicentina.com\/en\/discover-rota-vicentinas-partners-with-ambitur\/"},"wordCount":976,"publisher":{"@id":"https:\/\/blog.rotavicentina.com\/#organization"},"image":{"@id":"https:\/\/blog.rotavicentina.com\/en\/discover-rota-vicentinas-partners-with-ambitur\/#primaryimage"},"thumbnailUrl":"https:\/\/blog.rotavicentina.com\/wp-content\/uploads\/2023\/10\/Imagem-de-corpodestaque-Blog-Rota-Vicentina-1.jpg","keywords":["Press","Responsible Travel","Rota Vicentina\u00ae Associates"],"articleSection":["Trips"],"inLanguage":"en-US"},{"@type":"WebPage","@id":"https:\/\/blog.rotavicentina.com\/en\/discover-rota-vicentinas-partners-with-ambitur\/","url":"https:\/\/blog.rotavicentina.com\/en\/discover-rota-vicentinas-partners-with-ambitur\/","name":"Discover Rota Vicentina's Partners with AMBITUR","isPartOf":{"@id":"https:\/\/blog.rotavicentina.com\/#website"},"primaryImageOfPage":{"@id":"https:\/\/blog.rotavicentina.com\/en\/discover-rota-vicentinas-partners-with-ambitur\/#primaryimage"},"image":{"@id":"https:\/\/blog.rotavicentina.com\/en\/discover-rota-vicentinas-partners-with-ambitur\/#primaryimage"},"thumbnailUrl":"https:\/\/blog.rotavicentina.com\/wp-content\/uploads\/2023\/10\/Imagem-de-corpodestaque-Blog-Rota-Vicentina-1.jpg","datePublished":"2023-10-10T14:08:35+00:00","dateModified":"2025-03-07T12:11:10+00:00","description":"Entrepreneurs who, hand in hand with Rota Vicentina, drive a model of responsible tourism in this region.","breadcrumb":{"@id":"https:\/\/blog.rotavicentina.com\/en\/discover-rota-vicentinas-partners-with-ambitur\/#breadcrumb"},"inLanguage":"en-US","potentialAction":[{"@type":"ReadAction","target":["https:\/\/blog.rotavicentina.com\/en\/discover-rota-vicentinas-partners-with-ambitur\/"]}]},{"@type":"ImageObject","inLanguage":"en-US","@id":"https:\/\/blog.rotavicentina.com\/en\/discover-rota-vicentinas-partners-with-ambitur\/#primaryimage","url":"https:\/\/blog.rotavicentina.com\/wp-content\/uploads\/2023\/10\/Imagem-de-corpodestaque-Blog-Rota-Vicentina-1.jpg","contentUrl":"https:\/\/blog.rotavicentina.com\/wp-content\/uploads\/2023\/10\/Imagem-de-corpodestaque-Blog-Rota-Vicentina-1.jpg","width":852,"height":480,"caption":"Empres\u00e1rios parceiros da Rota Vicentina com placa de parceiro associado"},{"@type":"BreadcrumbList","@id":"https:\/\/blog.rotavicentina.com\/en\/discover-rota-vicentinas-partners-with-ambitur\/#breadcrumb","itemListElement":[{"@type":"ListItem","position":1,"name":"In\u00edcio","item":"https:\/\/blog.rotavicentina.com\/en\/"},{"@type":"ListItem","position":2,"name":"Discover Rota Vicentina&#8217;s Partners with AMBITUR"}]},{"@type":"WebSite","@id":"https:\/\/blog.rotavicentina.com\/#website","url":"https:\/\/blog.rotavicentina.com\/","name":"Blog Rota Vicentina","description":"Muito mais Rota Vicentina, para al\u00e9m de caminhar ou pedalar!","publisher":{"@id":"https:\/\/blog.rotavicentina.com\/#organization"},"potentialAction":[{"@type":"SearchAction","target":{"@type":"EntryPoint","urlTemplate":"https:\/\/blog.rotavicentina.com\/?s={search_term_string}"},"query-input":{"@type":"PropertyValueSpecification","valueRequired":true,"valueName":"search_term_string"}}],"inLanguage":"en-US"},{"@type":"Organization","@id":"https:\/\/blog.rotavicentina.com\/#organization","name":"Rota Vicentina","url":"https:\/\/blog.rotavicentina.com\/","logo":{"@type":"ImageObject","inLanguage":"en-US","@id":"https:\/\/blog.rotavicentina.com\/#\/schema\/logo\/image\/","url":"https:\/\/blog.rotavicentina.com\/wp-content\/uploads\/sites\/2\/2022\/03\/Copia-de-Imagem-de-destaque-Blog.png","contentUrl":"https:\/\/blog.rotavicentina.com\/wp-content\/uploads\/sites\/2\/2022\/03\/Copia-de-Imagem-de-destaque-Blog.png","width":852,"height":480,"caption":"Rota Vicentina"},"image":{"@id":"https:\/\/blog.rotavicentina.com\/#\/schema\/logo\/image\/"}},{"@type":"Person","@id":"https:\/\/blog.rotavicentina.com\/#\/schema\/person\/db7519f555b26b5cdf90654a0b8e7929","name":"Beatriz Silvestre","image":{"@type":"ImageObject","inLanguage":"en-US","@id":"https:\/\/blog.rotavicentina.com\/#\/schema\/person\/image\/","url":"https:\/\/secure.gravatar.com\/avatar\/60d633a94a611929ec9294d13e6ae3f52f4fdd466cf4c31f35910aa6e24a083b?s=96&d=mm&r=g","contentUrl":"https:\/\/secure.gravatar.com\/avatar\/60d633a94a611929ec9294d13e6ae3f52f4fdd466cf4c31f35910aa6e24a083b?s=96&d=mm&r=g","caption":"Beatriz Silvestre"},"url":"https:\/\/blog.rotavicentina.com\/en\/author\/rotavicentina\/"}]}},"_links":{"self":[{"href":"https:\/\/blog.rotavicentina.com\/en\/wp-json\/wp\/v2\/posts\/21330","targetHints":{"allow":["GET"]}}],"collection":[{"href":"https:\/\/blog.rotavicentina.com\/en\/wp-json\/wp\/v2\/posts"}],"about":[{"href":"https:\/\/blog.rotavicentina.com\/en\/wp-json\/wp\/v2\/types\/post"}],"author":[{"embeddable":true,"href":"https:\/\/blog.rotavicentina.com\/en\/wp-json\/wp\/v2\/users\/2"}],"replies":[{"embeddable":true,"href":"https:\/\/blog.rotavicentina.com\/en\/wp-json\/wp\/v2\/comments?post=21330"}],"version-history":[{"count":21,"href":"https:\/\/blog.rotavicentina.com\/en\/wp-json\/wp\/v2\/posts\/21330\/revisions"}],"predecessor-version":[{"id":27074,"href":"https:\/\/blog.rotavicentina.com\/en\/wp-json\/wp\/v2\/posts\/21330\/revisions\/27074"}],"wp:featuredmedia":[{"embeddable":true,"href":"https:\/\/blog.rotavicentina.com\/en\/wp-json\/wp\/v2\/media\/21341"}],"wp:attachment":[{"href":"https:\/\/blog.rotavicentina.com\/en\/wp-json\/wp\/v2\/media?parent=21330"}],"wp:term":[{"taxonomy":"category","embeddable":true,"href":"https:\/\/blog.rotavicentina.com\/en\/wp-json\/wp\/v2\/categories?post=21330"},{"taxonomy":"post_tag","embeddable":true,"href":"https:\/\/blog.rotavicentina.com\/en\/wp-json\/wp\/v2\/tags?post=21330"},{"taxonomy":"tipos","embeddable":true,"href":"https:\/\/blog.rotavicentina.com\/en\/wp-json\/wp\/v2\/tipos?post=21330"},{"taxonomy":"destaques","embeddable":true,"href":"https:\/\/blog.rotavicentina.com\/en\/wp-json\/wp\/v2\/destaques?post=21330"}],"curies":[{"name":"wp","href":"https:\/\/api.w.org\/{rel}","templated":true}]}}