{"id":26261,"date":"2024-10-22T18:53:54","date_gmt":"2024-10-22T18:53:54","guid":{"rendered":"https:\/\/blog.rotavicentina.com\/rota-vicentina-receives-the-medal-of-tourist-merit-of-responsible-tourism\/"},"modified":"2025-03-10T12:26:04","modified_gmt":"2025-03-10T12:26:04","slug":"rota-vicentina-receives-the-medal-of-tourist-merit-of-responsible-tourism","status":"publish","type":"post","link":"https:\/\/blog.rotavicentina.com\/en\/rota-vicentina-receives-the-medal-of-tourist-merit-of-responsible-tourism\/","title":{"rendered":"Rota Vicentina receives the medal of tourist merit of Responsible Tourism"},"content":{"rendered":"<div class=\"wpb-content-wrapper\"><p>[vc_row][vc_column width=&#8221;1\/1&#8243;][vc_custom_heading]At the VII Portuguese Tourism Summit, held in Mafra on September 27th, World Tourism Day, the Rota Vicentina Association received an <a href=\"https:\/\/diariodarepublica.pt\/dr\/detalhe\/alvara\/25-2024-897660842\">honorable mention<\/a> for its commitment and contribution to responsible tourism.[\/vc_custom_heading][vc_column_text]<span style=\"font-weight: 400\">In this significant <a href=\"https:\/\/cimeiradoturismo.pt\/\" target=\"_blank\" rel=\"noopener\">event<\/a>, which focused on the main theme<\/span> <i><span style=\"font-weight: 400\">&#8220;tourism is value&#8221;<\/span><\/i><span style=\"font-weight: 400\">, key figures from the Portuguese tourism sector came together, gathering operators, local and national entities, experts, and associations to discuss new trends and challenges in tourism.<\/span><\/p>\n<p>During the awards ceremony, the efforts of those who significantly contribute to the <strong>sustainable development<\/strong><strong> of tourism<\/strong> in the country were recognized.[\/vc_column_text][vc_custom_heading heading_semantic=&#8221;h3&#8243; text_size=&#8221;h3&#8243;]<b>A decade of commitment to responsible tourism<\/b>[\/vc_custom_heading][vc_column_text]<span style=\"font-weight: 400\">Representing <\/span><b>Rota Vicentina<\/b><span style=\"font-weight: 400\"> at the ceremony was <\/span><a href=\"https:\/\/blog.rotavicentina.com\/en\/autores\/marta-cabral\/\" target=\"_blank\" rel=\"noopener\"><b>Marta Cabral<\/b><\/a><span style=\"font-weight: 400\">, the Association&#8217;s President, who received the award on behalf of the entire team.<\/span>[\/vc_column_text][vc_row_inner unlock_row_content=&#8221;&#8221; row_height_percent=&#8221;0&#8243; shift_y=&#8221;0&#8243; z_index=&#8221;0&#8243; back_color=&#8221;#67d0e0&#8243;][vc_column_inner width=&#8221;1\/1&#8243;][vc_column_text]<\/p>\n<blockquote><p><em><span style=\"font-weight: 400\">Receiving this recognition brings us particular satisfaction, as it confirms the value of our work over the past decade.<br \/>\nFeeling recognised for being the first to talk about responsible tourism in the region was a very emotional moment.<\/span><\/em><\/p><\/blockquote>\n<p>[\/vc_column_text][\/vc_column_inner][\/vc_row_inner][vc_single_image media=&#8221;26239&#8243;][\/vc_single_image][vc_column_text]<span style=\"font-weight: 400\">The <\/span><b>Medal of Tourist Merit <\/b><span style=\"font-weight: 400\">received in Mafra highlights the importance of sustainable tourism practices and the pioneering role that <\/span><b>Rota Vicentina<\/b><span style=\"font-weight: 400\"> has played in promoting these values in Southwest Portugal.<\/span><span style=\"font-weight: 400\"><br \/>\n<\/span><\/p>\n<p class=\"paragraph-normal-text\">According to the text published in the <a href=\"https:\/\/diariodarepublica.pt\/dr\/detalhe\/alvara\/25-2024-897660842\" target=\"_blank\" rel=\"noopener\">Di\u00e1rio da Rep\u00fablica<\/a>, <strong>the Medal of Tourist Merit, 2nd degree (silver), is awarded to Rota Vicentina for<\/strong><\/p>\n<p>[\/vc_column_text][vc_row_inner unlock_row_content=&#8221;&#8221; row_height_percent=&#8221;0&#8243; shift_y=&#8221;0&#8243; z_index=&#8221;0&#8243; back_color=&#8221;#4cb4c4&#8243;][vc_column_inner width=&#8221;1\/1&#8243;][vc_column_text]<\/p>\n<blockquote>\n<p class=\"paragraph-normal-text\"><em>being a pioneering example of sustainability in tourism for many years now, at a time when this concept was not yet widely discussed. By enhancing the outstanding natural resources of the Southwest Alentejo and Vicentina Coast, it has established itself as a model of excellence in tourism development.<br \/>\n<\/em><em><br \/>\nRota Vicentina has the ability to be a territorial project, in a way regenerative, while having a real impact on tourism. It is one of the few products that effectively mitigate seasonality in the region, promoting Alentejo and Algarve in both the national and, especially, international markets.<\/em><\/p>\n<\/blockquote>\n<p>[\/vc_column_text][\/vc_column_inner][\/vc_row_inner][vc_custom_heading heading_semantic=&#8221;h3&#8243; text_size=&#8221;h3&#8243;]<b>Looking to the future<\/b>[\/vc_custom_heading][vc_column_text]<span style=\"font-weight: 400\">With an eye on the future, the <\/span><a href=\"https:\/\/rotavicentina.com\/associacao-rota-vicentina\/\" target=\"_blank\" rel=\"noopener\"><b>Rota Vicentina Association <\/b><\/a><span style=\"font-weight: 400\">continues to work toward building a tourism model that not only attracts visitors from all over the world but also helps to preserve the beauty and uniqueness of the region for future generations, maintaining a delicate balance between <\/span><b>tourism development <\/b><span style=\"font-weight: 400\">and <\/span><b>environmental conservation<\/b><span style=\"font-weight: 400\">.<\/span>[\/vc_column_text][vc_single_image media=&#8221;26243&#8243;][\/vc_single_image][vc_column_text]<span style=\"font-weight: 400\">On behalf of the entire team, members, and partners of <\/span><b>Rota Vicentina<\/b><span style=\"font-weight: 400\">, we extend our sincere gratitude to everyone who made this distinction a reality: <strong><a href=\"https:\/\/www.portugal.gov.pt\/pt\/gc24\/area-de-governo\/economia\/secretarios-de-estado?i=Turismo\">the Secretary of State for Tourism<\/a><\/strong>, <\/span><a href=\"https:\/\/ctp.org.pt\/\" target=\"_blank\" rel=\"noopener\"><b>the Portuguese Tourism Confederation,<\/b><\/a><b><a href=\"https:\/\/www.visitalentejo.pt\/pt\/o-alentejo\/quem-somos\/arpta\/\">the Alentejo Regional Tourism Authority<\/a> and <a href=\"https:\/\/www.algarvepromotion.pt\/pt\/corporate\">the Algarve Tourism Association,<\/a> <\/b>key entities in <span style=\"font-weight: 400\">recognizing our work in responsible tourism and nature conservation along the Alentejo and Vicentina coast.<\/span>[\/vc_column_text][\/vc_column][\/vc_row]<\/p>\n<\/div>","protected":false},"excerpt":{"rendered":"<p>[vc_row][vc_column width=&#8221;1\/1&#8243;][vc_custom_heading]At the VII Portuguese Tourism Summit, held in Mafra on September 27th, World Tourism Day, the Rota Vicentina Association received an honorable mention for its commitment and contribution to responsible tourism.[\/vc_custom_heading][vc_column_text]In this significant event, which focused on the main theme &#8220;tourism is value&#8221;, key figures from the Portuguese tourism sector came together, gathering operators, [&hellip;]<\/p>\n","protected":false},"author":8,"featured_media":26249,"comment_status":"closed","ping_status":"closed","sticky":false,"template":"","format":"standard","meta":{"_acf_changed":false,"footnotes":""},"categories":[108],"tags":[210,209,217,147,302,306],"tipos":[],"destaques":[],"class_list":["post-26261","post","type-post","status-publish","format-standard","has-post-thumbnail","hentry","category-strategy-sustainability","tag-alentejo-en","tag-algarve-en","tag-prizes","tag-responsible-travel","tag-rota-vicentina-association","tag-sustentabilidade-en"],"acf":[],"yoast_head":"<!-- This site is optimized with the Yoast SEO plugin v27.0 - https:\/\/yoast.com\/product\/yoast-seo-wordpress\/ -->\n<title>Rota Vicentina receives the medal of tourist merit of Responsible Tourism Blog Rota Vicentina<\/title>\n<meta name=\"description\" content=\"Rota Vicentina receives the medal of tourist merit of Responsible Tourism Blog Rota Vicentina\" \/>\n<meta name=\"robots\" content=\"index, follow, max-snippet:-1, max-image-preview:large, max-video-preview:-1\" \/>\n<link rel=\"canonical\" href=\"https:\/\/blog.rotavicentina.com\/en\/rota-vicentina-receives-the-medal-of-tourist-merit-of-responsible-tourism\/\" \/>\n<meta property=\"og:locale\" content=\"en_US\" \/>\n<meta property=\"og:type\" content=\"article\" \/>\n<meta property=\"og:title\" content=\"Rota Vicentina receives the medal of tourist merit of Responsible Tourism Blog Rota Vicentina\" \/>\n<meta property=\"og:description\" content=\"Rota Vicentina receives the medal of tourist merit of Responsible Tourism Blog Rota Vicentina\" \/>\n<meta property=\"og:url\" content=\"https:\/\/blog.rotavicentina.com\/en\/rota-vicentina-receives-the-medal-of-tourist-merit-of-responsible-tourism\/\" \/>\n<meta property=\"og:site_name\" content=\"Blog Rota Vicentina\" \/>\n<meta property=\"article:published_time\" content=\"2024-10-22T18:53:54+00:00\" \/>\n<meta property=\"article:modified_time\" content=\"2025-03-10T12:26:04+00:00\" \/>\n<meta property=\"og:image\" content=\"https:\/\/blog.rotavicentina.com\/wp-content\/uploads\/sites\/2\/2024\/10\/Imagem-de-corpodestaque-Blog-Rota-Vicentina-9.png\" \/>\n\t<meta property=\"og:image:width\" content=\"852\" \/>\n\t<meta property=\"og:image:height\" content=\"480\" \/>\n\t<meta property=\"og:image:type\" content=\"image\/png\" \/>\n<meta name=\"author\" content=\"martinatosi\" \/>\n<meta name=\"twitter:card\" content=\"summary_large_image\" \/>\n<meta name=\"twitter:label1\" content=\"Written by\" \/>\n\t<meta name=\"twitter:data1\" content=\"martinatosi\" \/>\n\t<meta name=\"twitter:label2\" content=\"Est. reading time\" \/>\n\t<meta name=\"twitter:data2\" content=\"3 minutes\" \/>\n<script type=\"application\/ld+json\" class=\"yoast-schema-graph\">{\"@context\":\"https:\/\/schema.org\",\"@graph\":[{\"@type\":\"Article\",\"@id\":\"https:\/\/blog.rotavicentina.com\/en\/rota-vicentina-receives-the-medal-of-tourist-merit-of-responsible-tourism\/#article\",\"isPartOf\":{\"@id\":\"https:\/\/blog.rotavicentina.com\/en\/rota-vicentina-receives-the-medal-of-tourist-merit-of-responsible-tourism\/\"},\"author\":{\"name\":\"martinatosi\",\"@id\":\"https:\/\/blog.rotavicentina.com\/#\/schema\/person\/2e6515c8ee8e4400bf49849f38dc869a\"},\"headline\":\"Rota Vicentina receives the medal of tourist merit of Responsible Tourism\",\"datePublished\":\"2024-10-22T18:53:54+00:00\",\"dateModified\":\"2025-03-10T12:26:04+00:00\",\"mainEntityOfPage\":{\"@id\":\"https:\/\/blog.rotavicentina.com\/en\/rota-vicentina-receives-the-medal-of-tourist-merit-of-responsible-tourism\/\"},\"wordCount\":592,\"publisher\":{\"@id\":\"https:\/\/blog.rotavicentina.com\/#organization\"},\"image\":{\"@id\":\"https:\/\/blog.rotavicentina.com\/en\/rota-vicentina-receives-the-medal-of-tourist-merit-of-responsible-tourism\/#primaryimage\"},\"thumbnailUrl\":\"https:\/\/blog.rotavicentina.com\/wp-content\/uploads\/2024\/10\/Imagem-de-corpodestaque-Blog-Rota-Vicentina-9.png\",\"keywords\":[\"Alentejo\",\"Algarve\",\"Prizes\",\"Responsible Travel\",\"Rota Vicentina Association\",\"Sustentabilidade\"],\"articleSection\":[\"Strategy &amp; Sustainability\"],\"inLanguage\":\"en-US\"},{\"@type\":\"WebPage\",\"@id\":\"https:\/\/blog.rotavicentina.com\/en\/rota-vicentina-receives-the-medal-of-tourist-merit-of-responsible-tourism\/\",\"url\":\"https:\/\/blog.rotavicentina.com\/en\/rota-vicentina-receives-the-medal-of-tourist-merit-of-responsible-tourism\/\",\"name\":\"Rota Vicentina receives the medal of tourist merit of Responsible Tourism Blog Rota Vicentina\",\"isPartOf\":{\"@id\":\"https:\/\/blog.rotavicentina.com\/#website\"},\"primaryImageOfPage\":{\"@id\":\"https:\/\/blog.rotavicentina.com\/en\/rota-vicentina-receives-the-medal-of-tourist-merit-of-responsible-tourism\/#primaryimage\"},\"image\":{\"@id\":\"https:\/\/blog.rotavicentina.com\/en\/rota-vicentina-receives-the-medal-of-tourist-merit-of-responsible-tourism\/#primaryimage\"},\"thumbnailUrl\":\"https:\/\/blog.rotavicentina.com\/wp-content\/uploads\/2024\/10\/Imagem-de-corpodestaque-Blog-Rota-Vicentina-9.png\",\"datePublished\":\"2024-10-22T18:53:54+00:00\",\"dateModified\":\"2025-03-10T12:26:04+00:00\",\"description\":\"Rota Vicentina receives the medal of tourist merit of Responsible Tourism Blog Rota Vicentina\",\"breadcrumb\":{\"@id\":\"https:\/\/blog.rotavicentina.com\/en\/rota-vicentina-receives-the-medal-of-tourist-merit-of-responsible-tourism\/#breadcrumb\"},\"inLanguage\":\"en-US\",\"potentialAction\":[{\"@type\":\"ReadAction\",\"target\":[\"https:\/\/blog.rotavicentina.com\/en\/rota-vicentina-receives-the-medal-of-tourist-merit-of-responsible-tourism\/\"]}]},{\"@type\":\"ImageObject\",\"inLanguage\":\"en-US\",\"@id\":\"https:\/\/blog.rotavicentina.com\/en\/rota-vicentina-receives-the-medal-of-tourist-merit-of-responsible-tourism\/#primaryimage\",\"url\":\"https:\/\/blog.rotavicentina.com\/wp-content\/uploads\/2024\/10\/Imagem-de-corpodestaque-Blog-Rota-Vicentina-9.png\",\"contentUrl\":\"https:\/\/blog.rotavicentina.com\/wp-content\/uploads\/2024\/10\/Imagem-de-corpodestaque-Blog-Rota-Vicentina-9.png\",\"width\":852,\"height\":480,\"caption\":\"pr\u00e9mio de m\u00e9rito tur\u00edstico\"},{\"@type\":\"BreadcrumbList\",\"@id\":\"https:\/\/blog.rotavicentina.com\/en\/rota-vicentina-receives-the-medal-of-tourist-merit-of-responsible-tourism\/#breadcrumb\",\"itemListElement\":[{\"@type\":\"ListItem\",\"position\":1,\"name\":\"In\u00edcio\",\"item\":\"https:\/\/blog.rotavicentina.com\/en\/\"},{\"@type\":\"ListItem\",\"position\":2,\"name\":\"Rota Vicentina receives the medal of tourist merit of Responsible Tourism\"}]},{\"@type\":\"WebSite\",\"@id\":\"https:\/\/blog.rotavicentina.com\/#website\",\"url\":\"https:\/\/blog.rotavicentina.com\/\",\"name\":\"Blog Rota Vicentina\",\"description\":\"Muito mais Rota Vicentina, para al\u00e9m de caminhar ou pedalar!\",\"publisher\":{\"@id\":\"https:\/\/blog.rotavicentina.com\/#organization\"},\"potentialAction\":[{\"@type\":\"SearchAction\",\"target\":{\"@type\":\"EntryPoint\",\"urlTemplate\":\"https:\/\/blog.rotavicentina.com\/?s={search_term_string}\"},\"query-input\":{\"@type\":\"PropertyValueSpecification\",\"valueRequired\":true,\"valueName\":\"search_term_string\"}}],\"inLanguage\":\"en-US\"},{\"@type\":\"Organization\",\"@id\":\"https:\/\/blog.rotavicentina.com\/#organization\",\"name\":\"Rota Vicentina\",\"url\":\"https:\/\/blog.rotavicentina.com\/\",\"logo\":{\"@type\":\"ImageObject\",\"inLanguage\":\"en-US\",\"@id\":\"https:\/\/blog.rotavicentina.com\/#\/schema\/logo\/image\/\",\"url\":\"https:\/\/blog.rotavicentina.com\/wp-content\/uploads\/sites\/2\/2022\/03\/Copia-de-Imagem-de-destaque-Blog.png\",\"contentUrl\":\"https:\/\/blog.rotavicentina.com\/wp-content\/uploads\/sites\/2\/2022\/03\/Copia-de-Imagem-de-destaque-Blog.png\",\"width\":852,\"height\":480,\"caption\":\"Rota Vicentina\"},\"image\":{\"@id\":\"https:\/\/blog.rotavicentina.com\/#\/schema\/logo\/image\/\"}},{\"@type\":\"Person\",\"@id\":\"https:\/\/blog.rotavicentina.com\/#\/schema\/person\/2e6515c8ee8e4400bf49849f38dc869a\",\"name\":\"martinatosi\",\"image\":{\"@type\":\"ImageObject\",\"inLanguage\":\"en-US\",\"@id\":\"https:\/\/blog.rotavicentina.com\/#\/schema\/person\/image\/\",\"url\":\"https:\/\/secure.gravatar.com\/avatar\/1cb620ac3dbac23493d4e8b68d2c36a228877aa90a4ffb880d13ef1398bf7b16?s=96&d=mm&r=g\",\"contentUrl\":\"https:\/\/secure.gravatar.com\/avatar\/1cb620ac3dbac23493d4e8b68d2c36a228877aa90a4ffb880d13ef1398bf7b16?s=96&d=mm&r=g\",\"caption\":\"martinatosi\"},\"url\":\"https:\/\/blog.rotavicentina.com\/en\/author\/martinatosi\/\"}]}<\/script>\n<!-- \/ Yoast SEO plugin. -->","yoast_head_json":{"title":"Rota Vicentina receives the medal of tourist merit of Responsible Tourism Blog Rota Vicentina","description":"Rota Vicentina receives the medal of tourist merit of Responsible Tourism Blog Rota Vicentina","robots":{"index":"index","follow":"follow","max-snippet":"max-snippet:-1","max-image-preview":"max-image-preview:large","max-video-preview":"max-video-preview:-1"},"canonical":"https:\/\/blog.rotavicentina.com\/en\/rota-vicentina-receives-the-medal-of-tourist-merit-of-responsible-tourism\/","og_locale":"en_US","og_type":"article","og_title":"Rota Vicentina receives the medal of tourist merit of Responsible Tourism Blog Rota Vicentina","og_description":"Rota Vicentina receives the medal of tourist merit of Responsible Tourism Blog Rota Vicentina","og_url":"https:\/\/blog.rotavicentina.com\/en\/rota-vicentina-receives-the-medal-of-tourist-merit-of-responsible-tourism\/","og_site_name":"Blog Rota Vicentina","article_published_time":"2024-10-22T18:53:54+00:00","article_modified_time":"2025-03-10T12:26:04+00:00","og_image":[{"width":852,"height":480,"url":"https:\/\/blog.rotavicentina.com\/wp-content\/uploads\/sites\/2\/2024\/10\/Imagem-de-corpodestaque-Blog-Rota-Vicentina-9.png","type":"image\/png"}],"author":"martinatosi","twitter_card":"summary_large_image","twitter_misc":{"Written by":"martinatosi","Est. reading time":"3 minutes"},"schema":{"@context":"https:\/\/schema.org","@graph":[{"@type":"Article","@id":"https:\/\/blog.rotavicentina.com\/en\/rota-vicentina-receives-the-medal-of-tourist-merit-of-responsible-tourism\/#article","isPartOf":{"@id":"https:\/\/blog.rotavicentina.com\/en\/rota-vicentina-receives-the-medal-of-tourist-merit-of-responsible-tourism\/"},"author":{"name":"martinatosi","@id":"https:\/\/blog.rotavicentina.com\/#\/schema\/person\/2e6515c8ee8e4400bf49849f38dc869a"},"headline":"Rota Vicentina receives the medal of tourist merit of Responsible Tourism","datePublished":"2024-10-22T18:53:54+00:00","dateModified":"2025-03-10T12:26:04+00:00","mainEntityOfPage":{"@id":"https:\/\/blog.rotavicentina.com\/en\/rota-vicentina-receives-the-medal-of-tourist-merit-of-responsible-tourism\/"},"wordCount":592,"publisher":{"@id":"https:\/\/blog.rotavicentina.com\/#organization"},"image":{"@id":"https:\/\/blog.rotavicentina.com\/en\/rota-vicentina-receives-the-medal-of-tourist-merit-of-responsible-tourism\/#primaryimage"},"thumbnailUrl":"https:\/\/blog.rotavicentina.com\/wp-content\/uploads\/2024\/10\/Imagem-de-corpodestaque-Blog-Rota-Vicentina-9.png","keywords":["Alentejo","Algarve","Prizes","Responsible Travel","Rota Vicentina Association","Sustentabilidade"],"articleSection":["Strategy &amp; Sustainability"],"inLanguage":"en-US"},{"@type":"WebPage","@id":"https:\/\/blog.rotavicentina.com\/en\/rota-vicentina-receives-the-medal-of-tourist-merit-of-responsible-tourism\/","url":"https:\/\/blog.rotavicentina.com\/en\/rota-vicentina-receives-the-medal-of-tourist-merit-of-responsible-tourism\/","name":"Rota Vicentina receives the medal of tourist merit of Responsible Tourism Blog Rota Vicentina","isPartOf":{"@id":"https:\/\/blog.rotavicentina.com\/#website"},"primaryImageOfPage":{"@id":"https:\/\/blog.rotavicentina.com\/en\/rota-vicentina-receives-the-medal-of-tourist-merit-of-responsible-tourism\/#primaryimage"},"image":{"@id":"https:\/\/blog.rotavicentina.com\/en\/rota-vicentina-receives-the-medal-of-tourist-merit-of-responsible-tourism\/#primaryimage"},"thumbnailUrl":"https:\/\/blog.rotavicentina.com\/wp-content\/uploads\/2024\/10\/Imagem-de-corpodestaque-Blog-Rota-Vicentina-9.png","datePublished":"2024-10-22T18:53:54+00:00","dateModified":"2025-03-10T12:26:04+00:00","description":"Rota Vicentina receives the medal of tourist merit of Responsible Tourism Blog Rota Vicentina","breadcrumb":{"@id":"https:\/\/blog.rotavicentina.com\/en\/rota-vicentina-receives-the-medal-of-tourist-merit-of-responsible-tourism\/#breadcrumb"},"inLanguage":"en-US","potentialAction":[{"@type":"ReadAction","target":["https:\/\/blog.rotavicentina.com\/en\/rota-vicentina-receives-the-medal-of-tourist-merit-of-responsible-tourism\/"]}]},{"@type":"ImageObject","inLanguage":"en-US","@id":"https:\/\/blog.rotavicentina.com\/en\/rota-vicentina-receives-the-medal-of-tourist-merit-of-responsible-tourism\/#primaryimage","url":"https:\/\/blog.rotavicentina.com\/wp-content\/uploads\/2024\/10\/Imagem-de-corpodestaque-Blog-Rota-Vicentina-9.png","contentUrl":"https:\/\/blog.rotavicentina.com\/wp-content\/uploads\/2024\/10\/Imagem-de-corpodestaque-Blog-Rota-Vicentina-9.png","width":852,"height":480,"caption":"pr\u00e9mio de m\u00e9rito tur\u00edstico"},{"@type":"BreadcrumbList","@id":"https:\/\/blog.rotavicentina.com\/en\/rota-vicentina-receives-the-medal-of-tourist-merit-of-responsible-tourism\/#breadcrumb","itemListElement":[{"@type":"ListItem","position":1,"name":"In\u00edcio","item":"https:\/\/blog.rotavicentina.com\/en\/"},{"@type":"ListItem","position":2,"name":"Rota Vicentina receives the medal of tourist merit of Responsible Tourism"}]},{"@type":"WebSite","@id":"https:\/\/blog.rotavicentina.com\/#website","url":"https:\/\/blog.rotavicentina.com\/","name":"Blog Rota Vicentina","description":"Muito mais Rota Vicentina, para al\u00e9m de caminhar ou pedalar!","publisher":{"@id":"https:\/\/blog.rotavicentina.com\/#organization"},"potentialAction":[{"@type":"SearchAction","target":{"@type":"EntryPoint","urlTemplate":"https:\/\/blog.rotavicentina.com\/?s={search_term_string}"},"query-input":{"@type":"PropertyValueSpecification","valueRequired":true,"valueName":"search_term_string"}}],"inLanguage":"en-US"},{"@type":"Organization","@id":"https:\/\/blog.rotavicentina.com\/#organization","name":"Rota Vicentina","url":"https:\/\/blog.rotavicentina.com\/","logo":{"@type":"ImageObject","inLanguage":"en-US","@id":"https:\/\/blog.rotavicentina.com\/#\/schema\/logo\/image\/","url":"https:\/\/blog.rotavicentina.com\/wp-content\/uploads\/sites\/2\/2022\/03\/Copia-de-Imagem-de-destaque-Blog.png","contentUrl":"https:\/\/blog.rotavicentina.com\/wp-content\/uploads\/sites\/2\/2022\/03\/Copia-de-Imagem-de-destaque-Blog.png","width":852,"height":480,"caption":"Rota Vicentina"},"image":{"@id":"https:\/\/blog.rotavicentina.com\/#\/schema\/logo\/image\/"}},{"@type":"Person","@id":"https:\/\/blog.rotavicentina.com\/#\/schema\/person\/2e6515c8ee8e4400bf49849f38dc869a","name":"martinatosi","image":{"@type":"ImageObject","inLanguage":"en-US","@id":"https:\/\/blog.rotavicentina.com\/#\/schema\/person\/image\/","url":"https:\/\/secure.gravatar.com\/avatar\/1cb620ac3dbac23493d4e8b68d2c36a228877aa90a4ffb880d13ef1398bf7b16?s=96&d=mm&r=g","contentUrl":"https:\/\/secure.gravatar.com\/avatar\/1cb620ac3dbac23493d4e8b68d2c36a228877aa90a4ffb880d13ef1398bf7b16?s=96&d=mm&r=g","caption":"martinatosi"},"url":"https:\/\/blog.rotavicentina.com\/en\/author\/martinatosi\/"}]}},"_links":{"self":[{"href":"https:\/\/blog.rotavicentina.com\/en\/wp-json\/wp\/v2\/posts\/26261","targetHints":{"allow":["GET"]}}],"collection":[{"href":"https:\/\/blog.rotavicentina.com\/en\/wp-json\/wp\/v2\/posts"}],"about":[{"href":"https:\/\/blog.rotavicentina.com\/en\/wp-json\/wp\/v2\/types\/post"}],"author":[{"embeddable":true,"href":"https:\/\/blog.rotavicentina.com\/en\/wp-json\/wp\/v2\/users\/8"}],"replies":[{"embeddable":true,"href":"https:\/\/blog.rotavicentina.com\/en\/wp-json\/wp\/v2\/comments?post=26261"}],"version-history":[{"count":8,"href":"https:\/\/blog.rotavicentina.com\/en\/wp-json\/wp\/v2\/posts\/26261\/revisions"}],"predecessor-version":[{"id":27081,"href":"https:\/\/blog.rotavicentina.com\/en\/wp-json\/wp\/v2\/posts\/26261\/revisions\/27081"}],"wp:featuredmedia":[{"embeddable":true,"href":"https:\/\/blog.rotavicentina.com\/en\/wp-json\/wp\/v2\/media\/26249"}],"wp:attachment":[{"href":"https:\/\/blog.rotavicentina.com\/en\/wp-json\/wp\/v2\/media?parent=26261"}],"wp:term":[{"taxonomy":"category","embeddable":true,"href":"https:\/\/blog.rotavicentina.com\/en\/wp-json\/wp\/v2\/categories?post=26261"},{"taxonomy":"post_tag","embeddable":true,"href":"https:\/\/blog.rotavicentina.com\/en\/wp-json\/wp\/v2\/tags?post=26261"},{"taxonomy":"tipos","embeddable":true,"href":"https:\/\/blog.rotavicentina.com\/en\/wp-json\/wp\/v2\/tipos?post=26261"},{"taxonomy":"destaques","embeddable":true,"href":"https:\/\/blog.rotavicentina.com\/en\/wp-json\/wp\/v2\/destaques?post=26261"}],"curies":[{"name":"wp","href":"https:\/\/api.w.org\/{rel}","templated":true}]}}