{"id":28513,"date":"2026-04-28T18:07:46","date_gmt":"2026-04-28T17:07:46","guid":{"rendered":"https:\/\/blog.rotavicentina.com\/id-sudoeste-odemira-food-system-fosters-closer-links-between-local-production-and-consumption\/"},"modified":"2026-04-28T18:07:46","modified_gmt":"2026-04-28T17:07:46","slug":"id-sudoeste-odemira-food-system-fosters-closer-links-between-local-production-and-consumption","status":"publish","type":"post","link":"https:\/\/blog.rotavicentina.com\/en\/id-sudoeste-odemira-food-system-fosters-closer-links-between-local-production-and-consumption\/","title":{"rendered":"ID Sudoeste: Odemira Food System fosters closer links between local production and consumption"},"content":{"rendered":"<div class=\"wpb-content-wrapper\"><p>[vc_row][vc_column][vc_column_text]<strong><span class=\"TextRun SCXW90937202 BCX8\" lang=\"PT-PT\" xml:lang=\"PT-PT\" data-contrast=\"auto\">Odemira Local Food System: A collaborative pathway to align producers and consumers across the region<\/span><\/strong>[\/vc_column_text][vc_single_image media=&#8221;28497&#8243;][\/vc_single_image][\/vc_column][\/vc_row][vc_row][vc_column width=&#8221;1\/1&#8243;][vc_column_text]<strong>What if the future of food depended on closer, fairer and more conscious relationships between those who produce and those who consume?<br \/>SAL Odemira (Sistema Alimentar Local de Odemira &#8211; Local Food System) is working to turn that possibility into reality, seeking to build bridges between local producers and consumers. <\/strong><\/p>\n<p><span data-contrast=\"auto\">Promoted by <a href=\"https:\/\/rotavicentina.com\/comercio\/regenerativa-cooperativa-integral\/\">Regenerativa Cooperativa Integral,<\/a> a member of the <a href=\"https:\/\/blog.rotavicentina.com\/id-sudoeste\/\">ID Sudoeste<\/a> Consortium led by Rota Vicentina under the PROVERE*, the project is cultivating relationships and knowledge-sharing in search of practical solutions to build a more local, resilient food system, better aligned with the real needs of both producers and consumers.<\/span><span data-ccp-props=\"{\"134233117\":false,\"134233118\":false,\"201341983\":0,\"335551550\":1,\"335551620\":1,\"335559685\":0,\"335559737\":0,\"335559738\":240,\"335559739\":240,\"335559740\":279}\"> <\/span><\/p>\n<p><span data-contrast=\"auto\">More than simply mapping production or identifying needs, SAL Odemira has been building a collaborative process that places people at its centre. Through active listening and network-based collaboration, the project brings together different realities \u2014 from production to consumption \u2014 creating the conditions for more aligned, sustainable and lasting responses. <\/span><span data-ccp-props=\"{\"134233117\":false,\"134233118\":false,\"201341983\":0,\"335551550\":1,\"335551620\":1,\"335559685\":0,\"335559737\":0,\"335559738\":240,\"335559739\":240,\"335559740\":279}\"> <\/span><\/p>\n<p>Over recent months, <a href=\"https:\/\/salodemira.pt\/\">SAL Odemira<\/a>, which is supported by funding from the Municipality of Odemira, has been carrying out ongoing, close engagement with the territory, grounded in <a href=\"https:\/\/salodemira.pt\/participar\/\">active listening<\/a> to a wide range of stakeholders. <span data-ccp-props=\"{\"134233117\":false,\"134233118\":false,\"201341983\":0,\"335551550\":1,\"335551620\":1,\"335559685\":0,\"335559737\":0,\"335559738\":240,\"335559739\":240,\"335559740\":279}\"> <\/span><\/p>\n<p><span data-contrast=\"auto\">Atrav\u00e9s de entrevistas, encontros e momentos de partilha, tem sido poss\u00edvel mapear a produ\u00e7\u00e3o existente &#8211; embora ainda n\u00e3o tenha sido poss\u00edvel fazer o levantamento de informa\u00e7\u00e3o na totalidade do concelho de Odemira -, come\u00e7ar a compreender padr\u00f5es de consumo e a identificar desafios concretos. A inten\u00e7\u00e3o \u00e9 criar uma base s\u00f3lida para a a\u00e7\u00e3o.  <\/span><span data-ccp-props=\"{\"134233117\":false,\"134233118\":false,\"201341983\":0,\"335551550\":1,\"335551620\":1,\"335559685\":0,\"335559737\":0,\"335559738\":240,\"335559739\":240,\"335559740\":279}\"> <\/span><\/p>\n<p><span data-contrast=\"auto\">Ao <strong>ouvir o territ\u00f3rio<\/strong>, envolvendo <strong><a href=\"https:\/\/salodemira.pt\/participar\/formulario-agricultores\/\">produtores<\/a> e <a href=\"https:\/\/salodemira.pt\/participar\/formulario-consumidores\/\">consumidores<\/a><\/strong>, o projeto vai construindo uma aprendizagem coletiva, permitindo usar essa escuta para criar conhecimento. Esta abordagem permite n\u00e3o s\u00f3 identificar dificuldades, mas tamb\u00e9m alinhar expectativas e detetar oportunidades, refor\u00e7ando a liga\u00e7\u00e3o entre quem produz e quem consome. <\/span><span data-ccp-props=\"{\"134233117\":false,\"134233118\":false,\"201341983\":0,\"335551550\":1,\"335551620\":1,\"335559685\":0,\"335559737\":0,\"335559738\":240,\"335559739\":240,\"335559740\":279}\"> <\/span><\/p>\n<p>This participatory process has highlighted a key point: the potential for local consumption does exist,<span data-contrast=\"auto\">but making it a reality depends on the ability to coordinate across all actors. It is within this meeting point between needs and expectations that SAL positions itself, promoting solutions built collaboratively through networks. <\/span><span data-ccp-props=\"{\"134233117\":false,\"134233118\":false,\"335551550\":1,\"335551620\":1,\"335559738\":240,\"335559739\":240}\"> <\/span>[\/vc_column_text][\/vc_column][\/vc_row][vc_row][vc_column width=&#8221;1\/1&#8243;][vc_custom_heading]<\/p>\n<h3><span class=\"TextRun SCXW151302569 BCX8\" lang=\"PT-PT\" xml:lang=\"PT-PT\" data-contrast=\"auto\"><span class=\"NormalTextRun SCXW151302569 BCX8\">From diagnosis to action<\/span><\/span><\/h3>\n<p>[\/vc_custom_heading][vc_single_image media=&#8221;28493&#8243;][\/vc_single_image][\/vc_column][\/vc_row][vc_row][vc_column width=&#8221;1\/1&#8243;][vc_column_text]<span data-contrast=\"auto\">It was in this context that, on 16 April, Espa\u00e7o Nativa hosted another session of the project, bringing together local consumers from the tourism sector, including several members of Rota Vicentina from the restaurant and accommodation areas, as well as the Association\u2019s president, Sara Serr\u00e3o. <\/span><span data-ccp-props=\"{\"134233117\":false,\"134233118\":false,\"335551550\":1,\"335551620\":1,\"335559738\":240,\"335559739\":240}\"> <\/span><\/p>\n<p><span data-contrast=\"auto\">The meeting, facilitated by Andr\u00e9 Vizinho, coordinator of the SAL Odemira project, reinforced the importance of creating spaces for dialogue where different perspectives can converge.<\/span><span data-ccp-props=\"{\"134233117\":false,\"134233118\":false,\"201341983\":0,\"335551550\":1,\"335551620\":1,\"335559685\":0,\"335559737\":0,\"335559738\":240,\"335559739\":240,\"335559740\":279}\"> <\/span><\/p>\n<p><span data-contrast=\"auto\">Throughout the session, it became clear that the challenges are shared: production scale, certification, logistics, and the irregularity of supply and demand. But it also became evident that  <\/span><b><span data-contrast=\"auto\">the solutions gain strength when they are built collectively.<\/span><\/b><span data-contrast=\"auto\">. The role of structures such as cooperatives, together with joint planning between production and consumption, emerges as a key element in giving the system greater consistency.<\/span><span data-ccp-props=\"{\"134233117\":false,\"134233118\":false,\"335551550\":1,\"335551620\":1,\"335559738\":240,\"335559739\":240}\"> <\/span><\/p>\n<p><span data-contrast=\"auto\">The valorisation of local production was another key focus. The use of seasonal produce, the full use of ingredients, and the transformation of surpluses show that it is possible  <\/span>produzir e consumir de forma mais consciente, eficiente e alinhada com o territ\u00f3rio.<span data-ccp-props=\"{\"134233117\":false,\"134233118\":false,\"335551550\":1,\"335551620\":1,\"335559738\":240,\"335559739\":240}\"> <\/span><\/p>\n<p><span data-contrast=\"auto\">At the same time, improving communication between producers and consumers was identified as a central need. Sharing information about availability, anticipating needs and creating direct channels are essential steps to reduce waste and increase the system\u2019s efficiency. <\/span><span data-ccp-props=\"{\"134233117\":false,\"134233118\":false,\"335551550\":1,\"335551620\":1,\"335559738\":240,\"335559739\":240}\"> <\/span>[\/vc_column_text][\/vc_column][\/vc_row][vc_row][vc_column width=&#8221;1\/1&#8243;][vc_custom_heading]<\/p>\n<h3>Greater authenticity in the tourism experience<\/h3>\n<p>[\/vc_custom_heading][vc_single_image media=&#8221;28489&#8243;][\/vc_single_image][\/vc_column][\/vc_row][vc_row][vc_column width=&#8221;1\/1&#8243;][vc_column_text]The meeting also confirmed an encouraging sign: there is growing interest from sectors such as hospitality and tourism in integrating local and organic products \u2014 provided there is a reliable supply and a degree of predictability.<span data-ccp-props=\"{\"134233117\":false,\"134233118\":false,\"335551550\":1,\"335551620\":1,\"335559738\":240,\"335559739\":240}\"> <\/span><\/p>\n<p><span data-contrast=\"auto\">The possibility of integrating local products into their offer in a more structured way gives tourism businesses the opportunity to enhance the experience they provide, setting themselves apart through authenticity while also contributing to a more sustainable and regenerative economic model, rooted in the local territory.<\/span><span data-ccp-props=\"{\"134233117\":false,\"134233118\":false,\"201341983\":0,\"335551550\":1,\"335551620\":1,\"335559685\":0,\"335559737\":0,\"335559738\":240,\"335559739\":240,\"335559740\":279}\"> <\/span><\/p>\n<p>More than a set of initiatives, SAL Odemira is emerging as an evolving process, focused on building lasting connections between people, activities and shared interests.<span data-contrast=\"auto\">. \u201cCultivating\u201d here means precisely that: bringing closer, aligning and strengthening.<\/span><span data-ccp-props=\"{\"134233117\":false,\"134233118\":false,\"335551550\":1,\"335551620\":1,\"335559738\":240,\"335559739\":240}\"> <\/span><\/p>\n<p><span data-contrast=\"auto\">In a territory with a strong identity and its own resources, investing in local production and consumption is also a way to strengthen the economy, value local knowledge and promote greater sustainability. And this path is increasingly built through networks. <\/span><span data-ccp-props=\"{\"134233117\":false,\"134233118\":false,\"335551550\":1,\"335551620\":1,\"335559738\":240,\"335559739\":240}\"> <\/span>[\/vc_column_text][\/vc_column][\/vc_row][vc_row][vc_column width=&#8221;1\/1&#8243;][\/vc_column][\/vc_row][vc_row][vc_column width=&#8221;1\/1&#8243;][vc_column_text]<span data-olk-copy-source=\"MessageBody\">Cofinanciado por:<\/span>[\/vc_column_text][\/vc_column][\/vc_row][vc_row][vc_column width=&#8221;1\/1&#8243;][vc_single_image media=&#8221;28233&#8243;][\/vc_single_image][vc_column_text]<em>*PROVERE \u2013 Programa de Valoriza\u00e7\u00e3o Econ\u00f3mica dos Recursos End\u00f3genos<\/em>[\/vc_column_text][vc_column_text]<em>Fotos: Regenerativa Cooperativa Integral<\/em>[\/vc_column_text][\/vc_column][\/vc_row][vc_row][vc_column width=&#8221;1\/1&#8243;][\/vc_column][\/vc_row]<\/p>\n<\/div>","protected":false},"excerpt":{"rendered":"<p>[vc_row][vc_column][vc_column_text]Odemira Local Food System: A collaborative pathway to align producers and consumers across the region[\/vc_column_text][vc_single_image media=&#8221;28497&#8243;][\/vc_single_image][\/vc_column][\/vc_row][vc_row][vc_column width=&#8221;1\/1&#8243;][vc_column_text]What if the future of food depended on closer, fairer and more conscious relationships between those who produce and those who consume?SAL Odemira (Sistema Alimentar Local de Odemira &#8211; Local Food System) is working to turn that possibility into [&hellip;]<\/p>\n","protected":false},"author":10,"featured_media":28483,"comment_status":"closed","ping_status":"closed","sticky":false,"template":"","format":"standard","meta":{"_acf_changed":false,"footnotes":""},"categories":[108],"tags":[276,412,258],"tipos":[105],"destaques":[138],"acf":[],"_links":{"self":[{"href":"https:\/\/blog.rotavicentina.com\/en\/wp-json\/wp\/v2\/posts\/28513"}],"collection":[{"href":"https:\/\/blog.rotavicentina.com\/en\/wp-json\/wp\/v2\/posts"}],"about":[{"href":"https:\/\/blog.rotavicentina.com\/en\/wp-json\/wp\/v2\/types\/post"}],"author":[{"embeddable":true,"href":"https:\/\/blog.rotavicentina.com\/en\/wp-json\/wp\/v2\/users\/10"}],"replies":[{"embeddable":true,"href":"https:\/\/blog.rotavicentina.com\/en\/wp-json\/wp\/v2\/comments?post=28513"}],"version-history":[{"count":0,"href":"https:\/\/blog.rotavicentina.com\/en\/wp-json\/wp\/v2\/posts\/28513\/revisions"}],"wp:featuredmedia":[{"embeddable":true,"href":"https:\/\/blog.rotavicentina.com\/en\/wp-json\/wp\/v2\/media\/28483"}],"wp:attachment":[{"href":"https:\/\/blog.rotavicentina.com\/en\/wp-json\/wp\/v2\/media?parent=28513"}],"wp:term":[{"taxonomy":"category","embeddable":true,"href":"https:\/\/blog.rotavicentina.com\/en\/wp-json\/wp\/v2\/categories?post=28513"},{"taxonomy":"post_tag","embeddable":true,"href":"https:\/\/blog.rotavicentina.com\/en\/wp-json\/wp\/v2\/tags?post=28513"},{"taxonomy":"tipos","embeddable":true,"href":"https:\/\/blog.rotavicentina.com\/en\/wp-json\/wp\/v2\/tipos?post=28513"},{"taxonomy":"destaques","embeddable":true,"href":"https:\/\/blog.rotavicentina.com\/en\/wp-json\/wp\/v2\/destaques?post=28513"}],"curies":[{"name":"wp","href":"https:\/\/api.w.org\/{rel}","templated":true}]}}