{"id":25532,"date":"2024-04-18T14:24:30","date_gmt":"2024-04-18T14:24:30","guid":{"rendered":"https:\/\/blog.rotavicentina.com\/nous-recherchons-des-modeles-benevoles\/"},"modified":"2024-04-24T15:26:26","modified_gmt":"2024-04-24T15:26:26","slug":"nous-recherchons-des-modeles-benevoles","status":"publish","type":"post","link":"https:\/\/blog.rotavicentina.com\/fr\/nous-recherchons-des-modeles-benevoles\/","title":{"rendered":"Nous recherchons des mod\u00e8les b\u00e9n\u00e9voles!"},"content":{"rendered":"<div class=\"wpb-content-wrapper\"><p>[vc_row][vc_column width=\u00a0\u00bb1\/1&Prime;][vc_custom_heading]<strong>Vous souhaitez participer \u00e0 une s\u00e9ance photo sur les sentiers de la Rota Vicentina?<\/strong>[\/vc_custom_heading][vc_column_text]<span style=\"font-weight: 300;\">La Rota Vicentina modifie<\/span> <strong><a href=\"https:\/\/blog.rotavicentina.com\/alteracoes-caminho-historico\/\">certains tron\u00e7ons du Chemin Historique<\/a><\/strong> <span style=\"font-weight: 300;\">et recherche des mannequins volontaires, <strong>des locaux et des touristes<\/strong>, pour participer \u00e0 une s\u00e9ance photo qui d\u00e9voilera les nouveaux paysages.<\/span><\/p>\n<p><span style=\"font-weight: 300;\">La s\u00e9ance photo aura lieu le <strong>mercredi 8 mai<\/strong>, entre 9h et 17h, entre Santiago do Cac\u00e9m et Cercal do Alentejo.<\/span><\/p>\n<p><span style=\"font-weight: 300;\">Nous recherchons <strong>4 personnes<\/strong> de profils, d&rsquo;\u00e2ges et de sexes diff\u00e9rents, qui ont id\u00e9alement d\u00e9j\u00e0 des v\u00eatements et des accessoires de randonn\u00e9e.<\/span><\/p>\n<p><strong>Si vous souhaitez participer \u00e0 cette s\u00e9ance photo, contactez-nous en utilisant ce formulaire\ud83d\udc47<\/strong>[\/vc_column_text][vc_empty_space empty_h=\u00a0\u00bb2&Prime;][\/vc_column][\/vc_row]<\/p>\n<\/div>","protected":false},"excerpt":{"rendered":"<p>Vous souhaitez participer \u00e0 une s\u00e9ance photo sur les sentiers de la Rota Vicentina?<\/p>\n","protected":false},"author":2,"featured_media":25406,"comment_status":"closed","ping_status":"closed","sticky":false,"template":"","format":"standard","meta":{"_acf_changed":false,"footnotes":""},"categories":[330],"tags":[370,369,368],"tipos":[338],"destaques":[],"class_list":["post-25532","post","type-post","status-publish","format-standard","has-post-thumbnail","hentry","category-communaute","tag-chemin-historique","tag-randonnee","tag-sentiers-pedestres","tipos-article-fr"],"acf":[],"yoast_head":"<!-- This site is optimized with the Yoast SEO plugin v27.0 - https:\/\/yoast.com\/product\/yoast-seo-wordpress\/ -->\n<title>Nous recherchons des mod\u00e8les b\u00e9n\u00e9voles pour une s\u00e9ance photo<\/title>\n<meta name=\"description\" content=\"Voulez-vous \u00eatre le protagoniste du mat\u00e9riel promotionnel de Rota Vicentina ? Inscrivez-vous et participez \u00e0 cette s\u00e9ance photo!\" \/>\n<meta name=\"robots\" content=\"index, follow, max-snippet:-1, max-image-preview:large, max-video-preview:-1\" \/>\n<link rel=\"canonical\" href=\"https:\/\/blog.rotavicentina.com\/fr\/nous-recherchons-des-modeles-benevoles\/\" \/>\n<meta property=\"og:locale\" content=\"fr_FR\" \/>\n<meta property=\"og:type\" content=\"article\" \/>\n<meta property=\"og:title\" content=\"Nous recherchons des mod\u00e8les b\u00e9n\u00e9voles pour une s\u00e9ance photo\" \/>\n<meta property=\"og:description\" content=\"Voulez-vous \u00eatre le protagoniste du mat\u00e9riel promotionnel de Rota Vicentina ? Inscrivez-vous et participez \u00e0 cette s\u00e9ance photo!\" \/>\n<meta property=\"og:url\" content=\"https:\/\/blog.rotavicentina.com\/fr\/nous-recherchons-des-modeles-benevoles\/\" \/>\n<meta property=\"og:site_name\" content=\"Blog Rota Vicentina\" \/>\n<meta property=\"article:published_time\" content=\"2024-04-18T14:24:30+00:00\" \/>\n<meta property=\"article:modified_time\" content=\"2024-04-24T15:26:26+00:00\" \/>\n<meta property=\"og:image\" content=\"https:\/\/blog.rotavicentina.com\/wp-content\/uploads\/sites\/2\/2024\/04\/Modelos-voluntarios-sessao-fotos-CH01CH02.png\" \/>\n\t<meta property=\"og:image:width\" content=\"852\" \/>\n\t<meta property=\"og:image:height\" content=\"480\" \/>\n\t<meta property=\"og:image:type\" content=\"image\/png\" \/>\n<meta name=\"author\" content=\"Beatriz Silvestre\" \/>\n<meta name=\"twitter:card\" content=\"summary_large_image\" \/>\n<meta name=\"twitter:title\" content=\"Nous recherchons des mod\u00e8les b\u00e9n\u00e9voles pour une s\u00e9ance photo\" \/>\n<meta name=\"twitter:label1\" content=\"\u00c9crit par\" \/>\n\t<meta name=\"twitter:data1\" content=\"Beatriz Silvestre\" \/>\n\t<meta name=\"twitter:label2\" content=\"Dur\u00e9e de lecture estim\u00e9e\" \/>\n\t<meta name=\"twitter:data2\" content=\"1 minute\" \/>\n<script type=\"application\/ld+json\" class=\"yoast-schema-graph\">{\"@context\":\"https:\/\/schema.org\",\"@graph\":[{\"@type\":\"Article\",\"@id\":\"https:\/\/blog.rotavicentina.com\/fr\/nous-recherchons-des-modeles-benevoles\/#article\",\"isPartOf\":{\"@id\":\"https:\/\/blog.rotavicentina.com\/fr\/nous-recherchons-des-modeles-benevoles\/\"},\"author\":{\"name\":\"Beatriz Silvestre\",\"@id\":\"https:\/\/blog.rotavicentina.com\/#\/schema\/person\/db7519f555b26b5cdf90654a0b8e7929\"},\"headline\":\"Nous recherchons des mod\u00e8les b\u00e9n\u00e9voles!\",\"datePublished\":\"2024-04-18T14:24:30+00:00\",\"dateModified\":\"2024-04-24T15:26:26+00:00\",\"mainEntityOfPage\":{\"@id\":\"https:\/\/blog.rotavicentina.com\/fr\/nous-recherchons-des-modeles-benevoles\/\"},\"wordCount\":142,\"publisher\":{\"@id\":\"https:\/\/blog.rotavicentina.com\/#organization\"},\"image\":{\"@id\":\"https:\/\/blog.rotavicentina.com\/fr\/nous-recherchons-des-modeles-benevoles\/#primaryimage\"},\"thumbnailUrl\":\"https:\/\/blog.rotavicentina.com\/wp-content\/uploads\/2024\/04\/Modelos-voluntarios-sessao-fotos-CH01CH02.png\",\"keywords\":[\"Chemin Historique\",\"Randonn\u00e9e\",\"Sentiers P\u00e9destres\"],\"articleSection\":[\"Communaut\u00e9\"],\"inLanguage\":\"fr-FR\"},{\"@type\":\"WebPage\",\"@id\":\"https:\/\/blog.rotavicentina.com\/fr\/nous-recherchons-des-modeles-benevoles\/\",\"url\":\"https:\/\/blog.rotavicentina.com\/fr\/nous-recherchons-des-modeles-benevoles\/\",\"name\":\"Nous recherchons des mod\u00e8les b\u00e9n\u00e9voles pour une s\u00e9ance photo\",\"isPartOf\":{\"@id\":\"https:\/\/blog.rotavicentina.com\/#website\"},\"primaryImageOfPage\":{\"@id\":\"https:\/\/blog.rotavicentina.com\/fr\/nous-recherchons-des-modeles-benevoles\/#primaryimage\"},\"image\":{\"@id\":\"https:\/\/blog.rotavicentina.com\/fr\/nous-recherchons-des-modeles-benevoles\/#primaryimage\"},\"thumbnailUrl\":\"https:\/\/blog.rotavicentina.com\/wp-content\/uploads\/2024\/04\/Modelos-voluntarios-sessao-fotos-CH01CH02.png\",\"datePublished\":\"2024-04-18T14:24:30+00:00\",\"dateModified\":\"2024-04-24T15:26:26+00:00\",\"description\":\"Voulez-vous \u00eatre le protagoniste du mat\u00e9riel promotionnel de Rota Vicentina ? Inscrivez-vous et participez \u00e0 cette s\u00e9ance photo!\",\"breadcrumb\":{\"@id\":\"https:\/\/blog.rotavicentina.com\/fr\/nous-recherchons-des-modeles-benevoles\/#breadcrumb\"},\"inLanguage\":\"fr-FR\",\"potentialAction\":[{\"@type\":\"ReadAction\",\"target\":[\"https:\/\/blog.rotavicentina.com\/fr\/nous-recherchons-des-modeles-benevoles\/\"]}]},{\"@type\":\"ImageObject\",\"inLanguage\":\"fr-FR\",\"@id\":\"https:\/\/blog.rotavicentina.com\/fr\/nous-recherchons-des-modeles-benevoles\/#primaryimage\",\"url\":\"https:\/\/blog.rotavicentina.com\/wp-content\/uploads\/2024\/04\/Modelos-voluntarios-sessao-fotos-CH01CH02.png\",\"contentUrl\":\"https:\/\/blog.rotavicentina.com\/wp-content\/uploads\/2024\/04\/Modelos-voluntarios-sessao-fotos-CH01CH02.png\",\"width\":852,\"height\":480},{\"@type\":\"BreadcrumbList\",\"@id\":\"https:\/\/blog.rotavicentina.com\/fr\/nous-recherchons-des-modeles-benevoles\/#breadcrumb\",\"itemListElement\":[{\"@type\":\"ListItem\",\"position\":1,\"name\":\"In\u00edcio\",\"item\":\"https:\/\/blog.rotavicentina.com\/fr\/\"},{\"@type\":\"ListItem\",\"position\":2,\"name\":\"Nous recherchons des mod\u00e8les b\u00e9n\u00e9voles!\"}]},{\"@type\":\"WebSite\",\"@id\":\"https:\/\/blog.rotavicentina.com\/#website\",\"url\":\"https:\/\/blog.rotavicentina.com\/\",\"name\":\"Blog Rota Vicentina\",\"description\":\"Muito mais Rota Vicentina, para al\u00e9m de caminhar ou pedalar!\",\"publisher\":{\"@id\":\"https:\/\/blog.rotavicentina.com\/#organization\"},\"potentialAction\":[{\"@type\":\"SearchAction\",\"target\":{\"@type\":\"EntryPoint\",\"urlTemplate\":\"https:\/\/blog.rotavicentina.com\/?s={search_term_string}\"},\"query-input\":{\"@type\":\"PropertyValueSpecification\",\"valueRequired\":true,\"valueName\":\"search_term_string\"}}],\"inLanguage\":\"fr-FR\"},{\"@type\":\"Organization\",\"@id\":\"https:\/\/blog.rotavicentina.com\/#organization\",\"name\":\"Rota Vicentina\",\"url\":\"https:\/\/blog.rotavicentina.com\/\",\"logo\":{\"@type\":\"ImageObject\",\"inLanguage\":\"fr-FR\",\"@id\":\"https:\/\/blog.rotavicentina.com\/#\/schema\/logo\/image\/\",\"url\":\"https:\/\/blog.rotavicentina.com\/wp-content\/uploads\/sites\/2\/2022\/03\/Copia-de-Imagem-de-destaque-Blog.png\",\"contentUrl\":\"https:\/\/blog.rotavicentina.com\/wp-content\/uploads\/sites\/2\/2022\/03\/Copia-de-Imagem-de-destaque-Blog.png\",\"width\":852,\"height\":480,\"caption\":\"Rota Vicentina\"},\"image\":{\"@id\":\"https:\/\/blog.rotavicentina.com\/#\/schema\/logo\/image\/\"}},{\"@type\":\"Person\",\"@id\":\"https:\/\/blog.rotavicentina.com\/#\/schema\/person\/db7519f555b26b5cdf90654a0b8e7929\",\"name\":\"Beatriz Silvestre\",\"image\":{\"@type\":\"ImageObject\",\"inLanguage\":\"fr-FR\",\"@id\":\"https:\/\/blog.rotavicentina.com\/#\/schema\/person\/image\/\",\"url\":\"https:\/\/secure.gravatar.com\/avatar\/60d633a94a611929ec9294d13e6ae3f52f4fdd466cf4c31f35910aa6e24a083b?s=96&d=mm&r=g\",\"contentUrl\":\"https:\/\/secure.gravatar.com\/avatar\/60d633a94a611929ec9294d13e6ae3f52f4fdd466cf4c31f35910aa6e24a083b?s=96&d=mm&r=g\",\"caption\":\"Beatriz Silvestre\"},\"url\":\"https:\/\/blog.rotavicentina.com\/fr\/author\/rotavicentina\/\"}]}<\/script>\n<!-- \/ Yoast SEO plugin. -->","yoast_head_json":{"title":"Nous recherchons des mod\u00e8les b\u00e9n\u00e9voles pour une s\u00e9ance photo","description":"Voulez-vous \u00eatre le protagoniste du mat\u00e9riel promotionnel de Rota Vicentina ? Inscrivez-vous et participez \u00e0 cette s\u00e9ance photo!","robots":{"index":"index","follow":"follow","max-snippet":"max-snippet:-1","max-image-preview":"max-image-preview:large","max-video-preview":"max-video-preview:-1"},"canonical":"https:\/\/blog.rotavicentina.com\/fr\/nous-recherchons-des-modeles-benevoles\/","og_locale":"fr_FR","og_type":"article","og_title":"Nous recherchons des mod\u00e8les b\u00e9n\u00e9voles pour une s\u00e9ance photo","og_description":"Voulez-vous \u00eatre le protagoniste du mat\u00e9riel promotionnel de Rota Vicentina ? Inscrivez-vous et participez \u00e0 cette s\u00e9ance photo!","og_url":"https:\/\/blog.rotavicentina.com\/fr\/nous-recherchons-des-modeles-benevoles\/","og_site_name":"Blog Rota Vicentina","article_published_time":"2024-04-18T14:24:30+00:00","article_modified_time":"2024-04-24T15:26:26+00:00","og_image":[{"width":852,"height":480,"url":"https:\/\/blog.rotavicentina.com\/wp-content\/uploads\/sites\/2\/2024\/04\/Modelos-voluntarios-sessao-fotos-CH01CH02.png","type":"image\/png"}],"author":"Beatriz Silvestre","twitter_card":"summary_large_image","twitter_title":"Nous recherchons des mod\u00e8les b\u00e9n\u00e9voles pour une s\u00e9ance photo","twitter_misc":{"\u00c9crit par":"Beatriz Silvestre","Dur\u00e9e de lecture estim\u00e9e":"1 minute"},"schema":{"@context":"https:\/\/schema.org","@graph":[{"@type":"Article","@id":"https:\/\/blog.rotavicentina.com\/fr\/nous-recherchons-des-modeles-benevoles\/#article","isPartOf":{"@id":"https:\/\/blog.rotavicentina.com\/fr\/nous-recherchons-des-modeles-benevoles\/"},"author":{"name":"Beatriz Silvestre","@id":"https:\/\/blog.rotavicentina.com\/#\/schema\/person\/db7519f555b26b5cdf90654a0b8e7929"},"headline":"Nous recherchons des mod\u00e8les b\u00e9n\u00e9voles!","datePublished":"2024-04-18T14:24:30+00:00","dateModified":"2024-04-24T15:26:26+00:00","mainEntityOfPage":{"@id":"https:\/\/blog.rotavicentina.com\/fr\/nous-recherchons-des-modeles-benevoles\/"},"wordCount":142,"publisher":{"@id":"https:\/\/blog.rotavicentina.com\/#organization"},"image":{"@id":"https:\/\/blog.rotavicentina.com\/fr\/nous-recherchons-des-modeles-benevoles\/#primaryimage"},"thumbnailUrl":"https:\/\/blog.rotavicentina.com\/wp-content\/uploads\/2024\/04\/Modelos-voluntarios-sessao-fotos-CH01CH02.png","keywords":["Chemin Historique","Randonn\u00e9e","Sentiers P\u00e9destres"],"articleSection":["Communaut\u00e9"],"inLanguage":"fr-FR"},{"@type":"WebPage","@id":"https:\/\/blog.rotavicentina.com\/fr\/nous-recherchons-des-modeles-benevoles\/","url":"https:\/\/blog.rotavicentina.com\/fr\/nous-recherchons-des-modeles-benevoles\/","name":"Nous recherchons des mod\u00e8les b\u00e9n\u00e9voles pour une s\u00e9ance photo","isPartOf":{"@id":"https:\/\/blog.rotavicentina.com\/#website"},"primaryImageOfPage":{"@id":"https:\/\/blog.rotavicentina.com\/fr\/nous-recherchons-des-modeles-benevoles\/#primaryimage"},"image":{"@id":"https:\/\/blog.rotavicentina.com\/fr\/nous-recherchons-des-modeles-benevoles\/#primaryimage"},"thumbnailUrl":"https:\/\/blog.rotavicentina.com\/wp-content\/uploads\/2024\/04\/Modelos-voluntarios-sessao-fotos-CH01CH02.png","datePublished":"2024-04-18T14:24:30+00:00","dateModified":"2024-04-24T15:26:26+00:00","description":"Voulez-vous \u00eatre le protagoniste du mat\u00e9riel promotionnel de Rota Vicentina ? Inscrivez-vous et participez \u00e0 cette s\u00e9ance photo!","breadcrumb":{"@id":"https:\/\/blog.rotavicentina.com\/fr\/nous-recherchons-des-modeles-benevoles\/#breadcrumb"},"inLanguage":"fr-FR","potentialAction":[{"@type":"ReadAction","target":["https:\/\/blog.rotavicentina.com\/fr\/nous-recherchons-des-modeles-benevoles\/"]}]},{"@type":"ImageObject","inLanguage":"fr-FR","@id":"https:\/\/blog.rotavicentina.com\/fr\/nous-recherchons-des-modeles-benevoles\/#primaryimage","url":"https:\/\/blog.rotavicentina.com\/wp-content\/uploads\/2024\/04\/Modelos-voluntarios-sessao-fotos-CH01CH02.png","contentUrl":"https:\/\/blog.rotavicentina.com\/wp-content\/uploads\/2024\/04\/Modelos-voluntarios-sessao-fotos-CH01CH02.png","width":852,"height":480},{"@type":"BreadcrumbList","@id":"https:\/\/blog.rotavicentina.com\/fr\/nous-recherchons-des-modeles-benevoles\/#breadcrumb","itemListElement":[{"@type":"ListItem","position":1,"name":"In\u00edcio","item":"https:\/\/blog.rotavicentina.com\/fr\/"},{"@type":"ListItem","position":2,"name":"Nous recherchons des mod\u00e8les b\u00e9n\u00e9voles!"}]},{"@type":"WebSite","@id":"https:\/\/blog.rotavicentina.com\/#website","url":"https:\/\/blog.rotavicentina.com\/","name":"Blog Rota Vicentina","description":"Muito mais Rota Vicentina, para al\u00e9m de caminhar ou pedalar!","publisher":{"@id":"https:\/\/blog.rotavicentina.com\/#organization"},"potentialAction":[{"@type":"SearchAction","target":{"@type":"EntryPoint","urlTemplate":"https:\/\/blog.rotavicentina.com\/?s={search_term_string}"},"query-input":{"@type":"PropertyValueSpecification","valueRequired":true,"valueName":"search_term_string"}}],"inLanguage":"fr-FR"},{"@type":"Organization","@id":"https:\/\/blog.rotavicentina.com\/#organization","name":"Rota Vicentina","url":"https:\/\/blog.rotavicentina.com\/","logo":{"@type":"ImageObject","inLanguage":"fr-FR","@id":"https:\/\/blog.rotavicentina.com\/#\/schema\/logo\/image\/","url":"https:\/\/blog.rotavicentina.com\/wp-content\/uploads\/sites\/2\/2022\/03\/Copia-de-Imagem-de-destaque-Blog.png","contentUrl":"https:\/\/blog.rotavicentina.com\/wp-content\/uploads\/sites\/2\/2022\/03\/Copia-de-Imagem-de-destaque-Blog.png","width":852,"height":480,"caption":"Rota Vicentina"},"image":{"@id":"https:\/\/blog.rotavicentina.com\/#\/schema\/logo\/image\/"}},{"@type":"Person","@id":"https:\/\/blog.rotavicentina.com\/#\/schema\/person\/db7519f555b26b5cdf90654a0b8e7929","name":"Beatriz Silvestre","image":{"@type":"ImageObject","inLanguage":"fr-FR","@id":"https:\/\/blog.rotavicentina.com\/#\/schema\/person\/image\/","url":"https:\/\/secure.gravatar.com\/avatar\/60d633a94a611929ec9294d13e6ae3f52f4fdd466cf4c31f35910aa6e24a083b?s=96&d=mm&r=g","contentUrl":"https:\/\/secure.gravatar.com\/avatar\/60d633a94a611929ec9294d13e6ae3f52f4fdd466cf4c31f35910aa6e24a083b?s=96&d=mm&r=g","caption":"Beatriz Silvestre"},"url":"https:\/\/blog.rotavicentina.com\/fr\/author\/rotavicentina\/"}]}},"_links":{"self":[{"href":"https:\/\/blog.rotavicentina.com\/fr\/wp-json\/wp\/v2\/posts\/25532","targetHints":{"allow":["GET"]}}],"collection":[{"href":"https:\/\/blog.rotavicentina.com\/fr\/wp-json\/wp\/v2\/posts"}],"about":[{"href":"https:\/\/blog.rotavicentina.com\/fr\/wp-json\/wp\/v2\/types\/post"}],"author":[{"embeddable":true,"href":"https:\/\/blog.rotavicentina.com\/fr\/wp-json\/wp\/v2\/users\/2"}],"replies":[{"embeddable":true,"href":"https:\/\/blog.rotavicentina.com\/fr\/wp-json\/wp\/v2\/comments?post=25532"}],"version-history":[{"count":2,"href":"https:\/\/blog.rotavicentina.com\/fr\/wp-json\/wp\/v2\/posts\/25532\/revisions"}],"predecessor-version":[{"id":25534,"href":"https:\/\/blog.rotavicentina.com\/fr\/wp-json\/wp\/v2\/posts\/25532\/revisions\/25534"}],"wp:featuredmedia":[{"embeddable":true,"href":"https:\/\/blog.rotavicentina.com\/fr\/wp-json\/wp\/v2\/media\/25406"}],"wp:attachment":[{"href":"https:\/\/blog.rotavicentina.com\/fr\/wp-json\/wp\/v2\/media?parent=25532"}],"wp:term":[{"taxonomy":"category","embeddable":true,"href":"https:\/\/blog.rotavicentina.com\/fr\/wp-json\/wp\/v2\/categories?post=25532"},{"taxonomy":"post_tag","embeddable":true,"href":"https:\/\/blog.rotavicentina.com\/fr\/wp-json\/wp\/v2\/tags?post=25532"},{"taxonomy":"tipos","embeddable":true,"href":"https:\/\/blog.rotavicentina.com\/fr\/wp-json\/wp\/v2\/tipos?post=25532"},{"taxonomy":"destaques","embeddable":true,"href":"https:\/\/blog.rotavicentina.com\/fr\/wp-json\/wp\/v2\/destaques?post=25532"}],"curies":[{"name":"wp","href":"https:\/\/api.w.org\/{rel}","templated":true}]}}